{"id":29066,"date":"2020-12-20T18:39:45","date_gmt":"2020-12-20T17:39:45","guid":{"rendered":"http:\/\/agora.xtec.cat\/ceip-santjordi-lleida\/?p=29066"},"modified":"2020-12-20T18:46:38","modified_gmt":"2020-12-20T17:46:38","slug":"ci-creem-i-assagem-per-nadal","status":"publish","type":"post","link":"https:\/\/agora.xtec.cat\/ceip-santjordi-lleida\/portada\/ci-creem-i-assagem-per-nadal\/","title":{"rendered":"CI: CREEM I ASSAGEM PER NADAL"},"content":{"rendered":"<p>Aquest curs escolar est\u00e0 sent un curs ben diferent. Per\u00f2 des de l&#8217;escola no ens volem quedar sense la m\u00e0gia del nostre Nadal i la il\u00b7lusi\u00f3 que els infants desprenen quan s&#8217;est\u00e0 preparant aquesta festa a la nostra escola.<\/p>\n<p>Enguany l&#8217;escola s&#8217;omplir\u00e0 de 20 racons\/espais que hem anomenat &#8220;Miniatures \u00edntimes&#8221; on actuaran nom\u00e9s els nens i nenes que han volgut actuar volunt\u00e0riament. En aquests 20 espais s&#8217;aniran repetint les escenes, i la resta de nens i nens que no han volgut actuar podran gaudir de l&#8217;espectacle. Segurament no podrem veure tots els espais (ja que nom\u00e9s estarem actuant 1,30h) per\u00f2 els uns donaran i els altres rebran. Res m\u00e9s bonic en aquestes festes Nadalenques.<\/p>\n<p>Tot i que els actors i actrius s\u00f3n voluntaris, a l&#8217;estona de m\u00fasica i des de les aules de tot el cicle, hem estat treballant amb tothom all\u00f2 que s&#8217;hi far\u00e0 en els espais.<\/p>\n<p>Per tant aquest article nom\u00e9s pret\u00e9n ser un recull del proc\u00e9s creatiu que uns pocs oferiran aquest dilluns 21 de desembre i uns altres podran rebre&#8217;l com a p\u00fablic, per\u00f2 un proc\u00e9s col\u00b7lectiu de tot el cicle.<\/p>\n<p>El Cicle inicial participar\u00e0 en quatre miniatures \u00edntimes:<\/p>\n<ul>\n<li>Haikus aeris<\/li>\n<li>Mirada estr\u00e0bica<\/li>\n<li>Potser Nadal<\/li>\n<li>Aquest Nadal<\/li>\n<\/ul>\n<p>Per\u00f2 durant els assajos i el proc\u00e9s creatiu hem fet aix\u00f2:<\/p>\n<p>CI TARONJA:<\/p>\n<p><iframe loading=\"lazy\" title=\"Prova plomes ci verd 02\" width=\"500\" height=\"281\" src=\"https:\/\/www.youtube.com\/embed\/Z8rm5K32Q5I?start=2&#038;feature=oembed\" frameborder=\"0\" allow=\"accelerometer; autoplay; clipboard-write; encrypted-media; gyroscope; picture-in-picture; web-share\" referrerpolicy=\"strict-origin-when-cross-origin\" allowfullscreen><\/iframe><\/p>\n<p><iframe loading=\"lazy\" title=\"Ci taronja prova fer escultures amb plomes 01\" width=\"500\" height=\"281\" src=\"https:\/\/www.youtube.com\/embed\/7GFR2FZWxWM?feature=oembed\" frameborder=\"0\" allow=\"accelerometer; autoplay; clipboard-write; encrypted-media; gyroscope; picture-in-picture; web-share\" referrerpolicy=\"strict-origin-when-cross-origin\" allowfullscreen><\/iframe><\/p>\n<p>CI VERD:<\/p>\n<p><iframe loading=\"lazy\" title=\"Co verd prova fer est\u00e0tues amb plomes\" width=\"500\" height=\"281\" src=\"https:\/\/www.youtube.com\/embed\/K7xM7xAW788?feature=oembed\" frameborder=\"0\" allow=\"accelerometer; autoplay; clipboard-write; encrypted-media; gyroscope; picture-in-picture; web-share\" referrerpolicy=\"strict-origin-when-cross-origin\" allowfullscreen><\/iframe><\/p>\n<p><iframe loading=\"lazy\" title=\"Ci verd prova Potser Nadal\" width=\"500\" height=\"281\" src=\"https:\/\/www.youtube.com\/embed\/rHu2TKxjkvg?feature=oembed\" frameborder=\"0\" allow=\"accelerometer; autoplay; clipboard-write; encrypted-media; gyroscope; picture-in-picture; web-share\" referrerpolicy=\"strict-origin-when-cross-origin\" allowfullscreen><\/iframe><\/p>\n<p>CI LILA:<\/p>\n<p><iframe loading=\"lazy\" title=\"Ci lila provant postures amb plomes\" width=\"500\" height=\"281\" src=\"https:\/\/www.youtube.com\/embed\/HBJSP6DrJEQ?feature=oembed\" frameborder=\"0\" allow=\"accelerometer; autoplay; clipboard-write; encrypted-media; gyroscope; picture-in-picture; web-share\" referrerpolicy=\"strict-origin-when-cross-origin\" allowfullscreen><\/iframe><\/p>\n<p><iframe loading=\"lazy\" title=\"Ci provant la mirada estr\u00e0bica\" width=\"500\" height=\"281\" src=\"https:\/\/www.youtube.com\/embed\/hmfos4isfSA?feature=oembed\" frameborder=\"0\" allow=\"accelerometer; autoplay; clipboard-write; encrypted-media; gyroscope; picture-in-picture; web-share\" referrerpolicy=\"strict-origin-when-cross-origin\" allowfullscreen><\/iframe><\/p>\n<p><iframe loading=\"lazy\" title=\"Ci lila mirada estr\u00e0bica prova definitiva\" width=\"500\" height=\"281\" src=\"https:\/\/www.youtube.com\/embed\/kkvHqJlsJwo?feature=oembed\" frameborder=\"0\" allow=\"accelerometer; autoplay; clipboard-write; encrypted-media; gyroscope; picture-in-picture; web-share\" referrerpolicy=\"strict-origin-when-cross-origin\" allowfullscreen><\/iframe><\/p>\n","protected":false},"excerpt":{"rendered":"<p>Aquest curs escolar est\u00e0 sent un curs ben diferent. Per\u00f2 des de l&#8217;escola no ens volem quedar sense la m\u00e0gia del nostre Nadal i la il\u00b7lusi\u00f3 que els infants desprenen quan s&#8217;est\u00e0 preparant aquesta festa a la nostra escola.<br \/>\nEnguany l&#8217;escola s&#8217;omplir\u00e0 de 20 racons\/espais que&hellip;  <a href=\"https:\/\/agora.xtec.cat\/ceip-santjordi-lleida\/portada\/ci-creem-i-assagem-per-nadal\/\" title=\"Read CI: CREEM I ASSAGEM PER NADAL\">Llegeix m\u00e9s\u00bb<\/a><\/p>\n","protected":false},"author":5,"featured_media":29067,"comment_status":"open","ping_status":"closed","sticky":false,"template":"","format":"standard","meta":{"_bbp_topic_count":0,"_bbp_reply_count":0,"_bbp_total_topic_count":0,"_bbp_total_reply_count":0,"_bbp_voice_count":0,"_bbp_anonymous_reply_count":0,"_bbp_topic_count_hidden":0,"_bbp_reply_count_hidden":0,"_bbp_forum_subforum_count":0,"footnotes":""},"categories":[10,11,320,4,5],"tags":[374,371,357],"class_list":["post-29066","post","type-post","status-publish","format-standard","has-post-thumbnail","hentry","category-1r","category-2n","category-musica","category-portada","category-primaria","tag-dramatitzacio","tag-festa-de-nadal","tag-moviment"],"post_mailing_queue_ids":[],"_links":{"self":[{"href":"https:\/\/agora.xtec.cat\/ceip-santjordi-lleida\/wp-json\/wp\/v2\/posts\/29066","targetHints":{"allow":["GET"]}}],"collection":[{"href":"https:\/\/agora.xtec.cat\/ceip-santjordi-lleida\/wp-json\/wp\/v2\/posts"}],"about":[{"href":"https:\/\/agora.xtec.cat\/ceip-santjordi-lleida\/wp-json\/wp\/v2\/types\/post"}],"author":[{"embeddable":true,"href":"https:\/\/agora.xtec.cat\/ceip-santjordi-lleida\/wp-json\/wp\/v2\/users\/5"}],"replies":[{"embeddable":true,"href":"https:\/\/agora.xtec.cat\/ceip-santjordi-lleida\/wp-json\/wp\/v2\/comments?post=29066"}],"version-history":[{"count":3,"href":"https:\/\/agora.xtec.cat\/ceip-santjordi-lleida\/wp-json\/wp\/v2\/posts\/29066\/revisions"}],"predecessor-version":[{"id":29071,"href":"https:\/\/agora.xtec.cat\/ceip-santjordi-lleida\/wp-json\/wp\/v2\/posts\/29066\/revisions\/29071"}],"wp:featuredmedia":[{"embeddable":true,"href":"https:\/\/agora.xtec.cat\/ceip-santjordi-lleida\/wp-json\/wp\/v2\/media\/29067"}],"wp:attachment":[{"href":"https:\/\/agora.xtec.cat\/ceip-santjordi-lleida\/wp-json\/wp\/v2\/media?parent=29066"}],"wp:term":[{"taxonomy":"category","embeddable":true,"href":"https:\/\/agora.xtec.cat\/ceip-santjordi-lleida\/wp-json\/wp\/v2\/categories?post=29066"},{"taxonomy":"post_tag","embeddable":true,"href":"https:\/\/agora.xtec.cat\/ceip-santjordi-lleida\/wp-json\/wp\/v2\/tags?post=29066"}],"curies":[{"name":"wp","href":"https:\/\/api.w.org\/{rel}","templated":true}]}}