{"id":28975,"date":"2020-11-25T19:07:17","date_gmt":"2020-11-25T18:07:17","guid":{"rendered":"http:\/\/agora.xtec.cat\/ceip-santjordi-lleida\/?p=28975"},"modified":"2020-11-27T18:52:58","modified_gmt":"2020-11-27T17:52:58","slug":"canco-la-tardor-que-jo-conec-2","status":"publish","type":"post","link":"https:\/\/agora.xtec.cat\/ceip-santjordi-lleida\/portada\/canco-la-tardor-que-jo-conec-2\/","title":{"rendered":"CAN\u00c7\u00d3: La tardor que jo conec"},"content":{"rendered":"<p>Durant la tardor hem anat millorant i cantant aquesta can\u00e7\u00f3. Cada grup ha pensat uns moviment qu\u00e8 fer en cada una de les estrofes. El resultat ha estat aquest:<\/p>\n<p>GRUP TARONJA:<\/p>\n<p><iframe loading=\"lazy\" title=\"La tardor q jo conec taronja\" width=\"500\" height=\"281\" src=\"https:\/\/www.youtube.com\/embed\/giJbFM46yd8?feature=oembed\" frameborder=\"0\" allow=\"accelerometer; autoplay; clipboard-write; encrypted-media; gyroscope; picture-in-picture; web-share\" referrerpolicy=\"strict-origin-when-cross-origin\" allowfullscreen><\/iframe><\/p>\n<p>GRUP VERD:<\/p>\n<p><iframe loading=\"lazy\" title=\"La tardor q jo conec\" width=\"500\" height=\"281\" src=\"https:\/\/www.youtube.com\/embed\/5ysSipPVCHA?feature=oembed\" frameborder=\"0\" allow=\"accelerometer; autoplay; clipboard-write; encrypted-media; gyroscope; picture-in-picture; web-share\" referrerpolicy=\"strict-origin-when-cross-origin\" allowfullscreen><\/iframe><\/p>\n<p>GRUP LILA:<\/p>\n<p><iframe loading=\"lazy\" title=\"La tardor q jo conec ci lila\" width=\"500\" height=\"281\" src=\"https:\/\/www.youtube.com\/embed\/YAu7sca3xHM?feature=oembed\" frameborder=\"0\" allow=\"accelerometer; autoplay; clipboard-write; encrypted-media; gyroscope; picture-in-picture; web-share\" referrerpolicy=\"strict-origin-when-cross-origin\" allowfullscreen><\/iframe><\/p>\n","protected":false},"excerpt":{"rendered":"<p>Durant la tardor hem anat millorant i cantant aquesta can\u00e7\u00f3. Cada grup ha pensat uns moviment qu\u00e8 fer en cada una de les estrofes. El resultat ha estat aquest:<br \/>\nGRUP TARONJA:<\/p>\n<p>GRUP VERD:<\/p>\n<p>GRUP LILA:<\/p>\n","protected":false},"author":5,"featured_media":28976,"comment_status":"open","ping_status":"closed","sticky":false,"template":"","format":"standard","meta":{"_bbp_topic_count":0,"_bbp_reply_count":0,"_bbp_total_topic_count":0,"_bbp_total_reply_count":0,"_bbp_voice_count":0,"_bbp_anonymous_reply_count":0,"_bbp_topic_count_hidden":0,"_bbp_reply_count_hidden":0,"_bbp_forum_subforum_count":0,"footnotes":""},"categories":[10,11,320,4,5],"tags":[348],"class_list":["post-28975","post","type-post","status-publish","format-standard","has-post-thumbnail","hentry","category-1r","category-2n","category-musica","category-portada","category-primaria","tag-canco"],"post_mailing_queue_ids":[],"_links":{"self":[{"href":"https:\/\/agora.xtec.cat\/ceip-santjordi-lleida\/wp-json\/wp\/v2\/posts\/28975","targetHints":{"allow":["GET"]}}],"collection":[{"href":"https:\/\/agora.xtec.cat\/ceip-santjordi-lleida\/wp-json\/wp\/v2\/posts"}],"about":[{"href":"https:\/\/agora.xtec.cat\/ceip-santjordi-lleida\/wp-json\/wp\/v2\/types\/post"}],"author":[{"embeddable":true,"href":"https:\/\/agora.xtec.cat\/ceip-santjordi-lleida\/wp-json\/wp\/v2\/users\/5"}],"replies":[{"embeddable":true,"href":"https:\/\/agora.xtec.cat\/ceip-santjordi-lleida\/wp-json\/wp\/v2\/comments?post=28975"}],"version-history":[{"count":2,"href":"https:\/\/agora.xtec.cat\/ceip-santjordi-lleida\/wp-json\/wp\/v2\/posts\/28975\/revisions"}],"predecessor-version":[{"id":28991,"href":"https:\/\/agora.xtec.cat\/ceip-santjordi-lleida\/wp-json\/wp\/v2\/posts\/28975\/revisions\/28991"}],"wp:featuredmedia":[{"embeddable":true,"href":"https:\/\/agora.xtec.cat\/ceip-santjordi-lleida\/wp-json\/wp\/v2\/media\/28976"}],"wp:attachment":[{"href":"https:\/\/agora.xtec.cat\/ceip-santjordi-lleida\/wp-json\/wp\/v2\/media?parent=28975"}],"wp:term":[{"taxonomy":"category","embeddable":true,"href":"https:\/\/agora.xtec.cat\/ceip-santjordi-lleida\/wp-json\/wp\/v2\/categories?post=28975"},{"taxonomy":"post_tag","embeddable":true,"href":"https:\/\/agora.xtec.cat\/ceip-santjordi-lleida\/wp-json\/wp\/v2\/tags?post=28975"}],"curies":[{"name":"wp","href":"https:\/\/api.w.org\/{rel}","templated":true}]}}