{"id":28951,"date":"2020-11-14T11:04:02","date_gmt":"2020-11-14T10:04:02","guid":{"rendered":"http:\/\/agora.xtec.cat\/ceip-santjordi-lleida\/?p=28951"},"modified":"2020-11-25T19:39:02","modified_gmt":"2020-11-25T18:39:02","slug":"canco-el-foc","status":"publish","type":"post","link":"https:\/\/agora.xtec.cat\/ceip-santjordi-lleida\/portada\/canco-el-foc\/","title":{"rendered":"CAN\u00c7\u00d3: El foc"},"content":{"rendered":"<p>Aquesta can\u00e7\u00f3 que estem treballant amb el CM, \u00e9s una can\u00e7\u00f3 que ens servir\u00e0 per introduir la instrumentaci\u00f3 amb percussi\u00f3, per fer-la a c\u00e0non, per gaudir-la i a m\u00e9s a m\u00e9s el grup verd, ha fet una proposta amb moviment\/percussi\u00f3 corporal molt divertida!!!<\/p>\n<p>De moment us deixem un tastet:<\/p>\n<p>GRUP VERD:<\/p>\n<p><iframe loading=\"lazy\" title=\"Foc amb moviment cm verd\" width=\"500\" height=\"281\" src=\"https:\/\/www.youtube.com\/embed\/9mzPlUpk7uE?feature=oembed\" frameborder=\"0\" allow=\"accelerometer; autoplay; clipboard-write; encrypted-media; gyroscope; picture-in-picture; web-share\" referrerpolicy=\"strict-origin-when-cross-origin\" allowfullscreen><\/iframe><\/p>\n<p><iframe loading=\"lazy\" title=\"Instrumentaci\u00f3 amb percussi\u00f3 del Foc CM verd\" width=\"500\" height=\"281\" src=\"https:\/\/www.youtube.com\/embed\/ZzO52ajbKUo?feature=oembed\" frameborder=\"0\" allow=\"accelerometer; autoplay; clipboard-write; encrypted-media; gyroscope; picture-in-picture; web-share\" referrerpolicy=\"strict-origin-when-cross-origin\" allowfullscreen><\/iframe><\/p>\n<p>GRUP TARONJA:<\/p>\n<p><iframe loading=\"lazy\" title=\"Instrumentaci\u00f3 Foc lila\" width=\"500\" height=\"281\" src=\"https:\/\/www.youtube.com\/embed\/u0TTEwWmaKI?feature=oembed\" frameborder=\"0\" allow=\"accelerometer; autoplay; clipboard-write; encrypted-media; gyroscope; picture-in-picture; web-share\" referrerpolicy=\"strict-origin-when-cross-origin\" allowfullscreen><\/iframe><\/p>\n<p>&nbsp;<\/p>\n","protected":false},"excerpt":{"rendered":"<p>Aquesta can\u00e7\u00f3 que estem treballant amb el CM, \u00e9s una can\u00e7\u00f3 que ens servir\u00e0 per introduir la instrumentaci\u00f3 amb percussi\u00f3, per fer-la a c\u00e0non, per gaudir-la i a m\u00e9s a m\u00e9s el grup verd, ha fet una proposta amb moviment\/percussi\u00f3 corporal molt divertida!!!<br \/>\nDe moment us&hellip;  <a href=\"https:\/\/agora.xtec.cat\/ceip-santjordi-lleida\/portada\/canco-el-foc\/\" title=\"Read CAN\u00c7\u00d3: El foc\">Llegeix m\u00e9s\u00bb<\/a><\/p>\n","protected":false},"author":5,"featured_media":28952,"comment_status":"open","ping_status":"closed","sticky":false,"template":"","format":"standard","meta":{"_bbp_topic_count":0,"_bbp_reply_count":0,"_bbp_total_topic_count":0,"_bbp_total_reply_count":0,"_bbp_voice_count":0,"_bbp_anonymous_reply_count":0,"_bbp_topic_count_hidden":0,"_bbp_reply_count_hidden":0,"_bbp_forum_subforum_count":0,"footnotes":""},"categories":[12,13,320,4,5],"tags":[348,354],"class_list":["post-28951","post","type-post","status-publish","format-standard","has-post-thumbnail","hentry","category-3r","category-4t","category-musica","category-portada","category-primaria","tag-canco","tag-instrumentacio"],"post_mailing_queue_ids":[],"_links":{"self":[{"href":"https:\/\/agora.xtec.cat\/ceip-santjordi-lleida\/wp-json\/wp\/v2\/posts\/28951","targetHints":{"allow":["GET"]}}],"collection":[{"href":"https:\/\/agora.xtec.cat\/ceip-santjordi-lleida\/wp-json\/wp\/v2\/posts"}],"about":[{"href":"https:\/\/agora.xtec.cat\/ceip-santjordi-lleida\/wp-json\/wp\/v2\/types\/post"}],"author":[{"embeddable":true,"href":"https:\/\/agora.xtec.cat\/ceip-santjordi-lleida\/wp-json\/wp\/v2\/users\/5"}],"replies":[{"embeddable":true,"href":"https:\/\/agora.xtec.cat\/ceip-santjordi-lleida\/wp-json\/wp\/v2\/comments?post=28951"}],"version-history":[{"count":3,"href":"https:\/\/agora.xtec.cat\/ceip-santjordi-lleida\/wp-json\/wp\/v2\/posts\/28951\/revisions"}],"predecessor-version":[{"id":28986,"href":"https:\/\/agora.xtec.cat\/ceip-santjordi-lleida\/wp-json\/wp\/v2\/posts\/28951\/revisions\/28986"}],"wp:featuredmedia":[{"embeddable":true,"href":"https:\/\/agora.xtec.cat\/ceip-santjordi-lleida\/wp-json\/wp\/v2\/media\/28952"}],"wp:attachment":[{"href":"https:\/\/agora.xtec.cat\/ceip-santjordi-lleida\/wp-json\/wp\/v2\/media?parent=28951"}],"wp:term":[{"taxonomy":"category","embeddable":true,"href":"https:\/\/agora.xtec.cat\/ceip-santjordi-lleida\/wp-json\/wp\/v2\/categories?post=28951"},{"taxonomy":"post_tag","embeddable":true,"href":"https:\/\/agora.xtec.cat\/ceip-santjordi-lleida\/wp-json\/wp\/v2\/tags?post=28951"}],"curies":[{"name":"wp","href":"https:\/\/api.w.org\/{rel}","templated":true}]}}