{"id":28831,"date":"2020-11-01T12:15:43","date_gmt":"2020-11-01T11:15:43","guid":{"rendered":"http:\/\/agora.xtec.cat\/ceip-santjordi-lleida\/?p=28831"},"modified":"2020-11-17T14:14:56","modified_gmt":"2020-11-17T13:14:56","slug":"canco-color-esperanza","status":"publish","type":"post","link":"https:\/\/agora.xtec.cat\/ceip-santjordi-lleida\/portada\/canco-color-esperanza\/","title":{"rendered":"CAN\u00c7\u00d3: Color esperanza"},"content":{"rendered":"<p>Aquesta ha estat la nostra primera can\u00e7\u00f3 d&#8217;aquest curs 20-21, una can\u00e7\u00f3 que ens ha transm\u00e8s molt\u00edssima energia i esperan\u00e7a. \u00c9s una can\u00e7\u00f3 de Diego Torres que podeu escoltar des del classroom.<\/p>\n<p>No obstant en aquest espai us deixem la interpretaci\u00f3 que hem fet els nens i nenes del CM.<\/p>\n<p>GRUP VERD:<\/p>\n<p><iframe loading=\"lazy\" title=\"Color esperanza cm verd\" width=\"500\" height=\"281\" src=\"https:\/\/www.youtube.com\/embed\/6M1ELjvesNE?feature=oembed\" frameborder=\"0\" allow=\"accelerometer; autoplay; clipboard-write; encrypted-media; gyroscope; picture-in-picture; web-share\" referrerpolicy=\"strict-origin-when-cross-origin\" allowfullscreen><\/iframe><\/p>\n<p>GRUP TARONJA:<\/p>\n<p><iframe loading=\"lazy\" title=\"Color esperanza cm taronja\" width=\"500\" height=\"281\" src=\"https:\/\/www.youtube.com\/embed\/iBsnYEJySRk?feature=oembed\" frameborder=\"0\" allow=\"accelerometer; autoplay; clipboard-write; encrypted-media; gyroscope; picture-in-picture; web-share\" referrerpolicy=\"strict-origin-when-cross-origin\" allowfullscreen><\/iframe><\/p>\n<p>GRUP LILA:<\/p>\n<p><iframe loading=\"lazy\" title=\"Color esperanza lila\" width=\"500\" height=\"281\" src=\"https:\/\/www.youtube.com\/embed\/U3FEq8HXLqo?feature=oembed\" frameborder=\"0\" allow=\"accelerometer; autoplay; clipboard-write; encrypted-media; gyroscope; picture-in-picture; web-share\" referrerpolicy=\"strict-origin-when-cross-origin\" allowfullscreen><\/iframe><\/p>\n<p>&nbsp;<\/p>\n","protected":false},"excerpt":{"rendered":"<p>Aquesta ha estat la nostra primera can\u00e7\u00f3 d&#8217;aquest curs 20-21, una can\u00e7\u00f3 que ens ha transm\u00e8s molt\u00edssima energia i esperan\u00e7a. \u00c9s una can\u00e7\u00f3 de Diego Torres que podeu escoltar des del classroom.<br \/>\nNo obstant en aquest espai us deixem la interpretaci\u00f3 que hem fet els nens&hellip;  <a href=\"https:\/\/agora.xtec.cat\/ceip-santjordi-lleida\/portada\/canco-color-esperanza\/\" title=\"Read CAN\u00c7\u00d3: Color esperanza\">Llegeix m\u00e9s\u00bb<\/a><\/p>\n","protected":false},"author":5,"featured_media":28869,"comment_status":"open","ping_status":"closed","sticky":false,"template":"","format":"standard","meta":{"_bbp_topic_count":0,"_bbp_reply_count":0,"_bbp_total_topic_count":0,"_bbp_total_reply_count":0,"_bbp_voice_count":0,"_bbp_anonymous_reply_count":0,"_bbp_topic_count_hidden":0,"_bbp_reply_count_hidden":0,"_bbp_forum_subforum_count":0,"footnotes":""},"categories":[12,13,320,4,5],"tags":[348],"class_list":["post-28831","post","type-post","status-publish","format-standard","has-post-thumbnail","hentry","category-3r","category-4t","category-musica","category-portada","category-primaria","tag-canco"],"post_mailing_queue_ids":[],"_links":{"self":[{"href":"https:\/\/agora.xtec.cat\/ceip-santjordi-lleida\/wp-json\/wp\/v2\/posts\/28831","targetHints":{"allow":["GET"]}}],"collection":[{"href":"https:\/\/agora.xtec.cat\/ceip-santjordi-lleida\/wp-json\/wp\/v2\/posts"}],"about":[{"href":"https:\/\/agora.xtec.cat\/ceip-santjordi-lleida\/wp-json\/wp\/v2\/types\/post"}],"author":[{"embeddable":true,"href":"https:\/\/agora.xtec.cat\/ceip-santjordi-lleida\/wp-json\/wp\/v2\/users\/5"}],"replies":[{"embeddable":true,"href":"https:\/\/agora.xtec.cat\/ceip-santjordi-lleida\/wp-json\/wp\/v2\/comments?post=28831"}],"version-history":[{"count":3,"href":"https:\/\/agora.xtec.cat\/ceip-santjordi-lleida\/wp-json\/wp\/v2\/posts\/28831\/revisions"}],"predecessor-version":[{"id":28955,"href":"https:\/\/agora.xtec.cat\/ceip-santjordi-lleida\/wp-json\/wp\/v2\/posts\/28831\/revisions\/28955"}],"wp:featuredmedia":[{"embeddable":true,"href":"https:\/\/agora.xtec.cat\/ceip-santjordi-lleida\/wp-json\/wp\/v2\/media\/28869"}],"wp:attachment":[{"href":"https:\/\/agora.xtec.cat\/ceip-santjordi-lleida\/wp-json\/wp\/v2\/media?parent=28831"}],"wp:term":[{"taxonomy":"category","embeddable":true,"href":"https:\/\/agora.xtec.cat\/ceip-santjordi-lleida\/wp-json\/wp\/v2\/categories?post=28831"},{"taxonomy":"post_tag","embeddable":true,"href":"https:\/\/agora.xtec.cat\/ceip-santjordi-lleida\/wp-json\/wp\/v2\/tags?post=28831"}],"curies":[{"name":"wp","href":"https:\/\/api.w.org\/{rel}","templated":true}]}}