{"id":28820,"date":"2020-10-18T16:34:47","date_gmt":"2020-10-18T14:34:47","guid":{"rendered":"http:\/\/agora.xtec.cat\/ceip-santjordi-lleida\/?p=28820"},"modified":"2020-11-08T16:52:25","modified_gmt":"2020-11-08T15:52:25","slug":"canco-cada-dia-al-demati","status":"publish","type":"post","link":"https:\/\/agora.xtec.cat\/ceip-santjordi-lleida\/infantil\/canco-cada-dia-al-demati\/","title":{"rendered":"CAN\u00c7\u00d3: Cada dia al demat\u00ed"},"content":{"rendered":"<p>Aquest nou curs escolar que comencem (un curs ben diferent dels que est\u00e0vem acostumats a viure per\u00f2 no per aix\u00f2 menys intens i emocionant), el parvulari utilitzem un nou espai per a fer-hi les classes de m\u00fasica: l&#8217;aula de m\u00fasica de l&#8217;escola (fins ara sempre f\u00e8iem classe a la sala-reconvertida en aula ordin\u00e0ria). En aquestes sessions intentem fer el que sempre hem fet a l&#8217;escola durant les sessions de m\u00fasica del parvulari:<\/p>\n<ul>\n<li>cantar<\/li>\n<li>dansar<\/li>\n<li>escoltar<\/li>\n<li>jugar<\/li>\n<li>tocar<\/li>\n<li>moure&#8217;ns&#8230;<\/li>\n<\/ul>\n<p>I tot utilitzant la m\u00fasica com a conductora.<\/p>\n<p>Aquesta activitat \u00e9s la 1a que us presentem!!!<\/p>\n<p>GRUP TARONJA:<\/p>\n<p><iframe loading=\"lazy\" title=\"Cada dia al demat\u00ed taronja\" width=\"500\" height=\"281\" src=\"https:\/\/www.youtube.com\/embed\/D0TynDgFkNA?feature=oembed\" frameborder=\"0\" allow=\"accelerometer; autoplay; clipboard-write; encrypted-media; gyroscope; picture-in-picture; web-share\" referrerpolicy=\"strict-origin-when-cross-origin\" allowfullscreen><\/iframe><\/p>\n<p>GRUP VERD:<\/p>\n<p><iframe loading=\"lazy\" title=\"Cada dia al demati verds\" width=\"500\" height=\"281\" src=\"https:\/\/www.youtube.com\/embed\/7cJ_GXgbCVI?feature=oembed\" frameborder=\"0\" allow=\"accelerometer; autoplay; clipboard-write; encrypted-media; gyroscope; picture-in-picture; web-share\" referrerpolicy=\"strict-origin-when-cross-origin\" allowfullscreen><\/iframe><\/p>\n<p>GRUP GROC:<\/p>\n<p><iframe loading=\"lazy\" title=\"Cada dia al de mat\u00ed groc\" width=\"500\" height=\"281\" src=\"https:\/\/www.youtube.com\/embed\/wxpBogQOhYg?feature=oembed\" frameborder=\"0\" allow=\"accelerometer; autoplay; clipboard-write; encrypted-media; gyroscope; picture-in-picture; web-share\" referrerpolicy=\"strict-origin-when-cross-origin\" allowfullscreen><\/iframe><\/p>\n<p>GRUP BLAU:<\/p>\n<p><iframe loading=\"lazy\" title=\"Cada dia al de mat\u00ed blau\" width=\"500\" height=\"281\" src=\"https:\/\/www.youtube.com\/embed\/ygY__8yzxUk?feature=oembed\" frameborder=\"0\" allow=\"accelerometer; autoplay; clipboard-write; encrypted-media; gyroscope; picture-in-picture; web-share\" referrerpolicy=\"strict-origin-when-cross-origin\" allowfullscreen><\/iframe><\/p>\n","protected":false},"excerpt":{"rendered":"<p>Aquest nou curs escolar que comencem (un curs ben diferent dels que est\u00e0vem acostumats a viure per\u00f2 no per aix\u00f2 menys intens i emocionant), el parvulari utilitzem un nou espai per a fer-hi les classes de m\u00fasica: l&#8217;aula de m\u00fasica de l&#8217;escola (fins ara sempre&hellip;  <a href=\"https:\/\/agora.xtec.cat\/ceip-santjordi-lleida\/infantil\/canco-cada-dia-al-demati\/\" title=\"Read CAN\u00c7\u00d3: Cada dia al demat\u00ed\">Llegeix m\u00e9s\u00bb<\/a><\/p>\n","protected":false},"author":5,"featured_media":28821,"comment_status":"open","ping_status":"closed","sticky":false,"template":"","format":"standard","meta":{"_bbp_topic_count":0,"_bbp_reply_count":0,"_bbp_total_topic_count":0,"_bbp_total_reply_count":0,"_bbp_voice_count":0,"_bbp_anonymous_reply_count":0,"_bbp_topic_count_hidden":0,"_bbp_reply_count_hidden":0,"_bbp_forum_subforum_count":0,"footnotes":""},"categories":[3,8,9,2,320,4],"tags":[348],"class_list":["post-28820","post","type-post","status-publish","format-standard","has-post-thumbnail","hentry","category-blava","category-groga","category-verda","category-infantil","category-musica","category-portada","tag-canco"],"post_mailing_queue_ids":[],"_links":{"self":[{"href":"https:\/\/agora.xtec.cat\/ceip-santjordi-lleida\/wp-json\/wp\/v2\/posts\/28820","targetHints":{"allow":["GET"]}}],"collection":[{"href":"https:\/\/agora.xtec.cat\/ceip-santjordi-lleida\/wp-json\/wp\/v2\/posts"}],"about":[{"href":"https:\/\/agora.xtec.cat\/ceip-santjordi-lleida\/wp-json\/wp\/v2\/types\/post"}],"author":[{"embeddable":true,"href":"https:\/\/agora.xtec.cat\/ceip-santjordi-lleida\/wp-json\/wp\/v2\/users\/5"}],"replies":[{"embeddable":true,"href":"https:\/\/agora.xtec.cat\/ceip-santjordi-lleida\/wp-json\/wp\/v2\/comments?post=28820"}],"version-history":[{"count":2,"href":"https:\/\/agora.xtec.cat\/ceip-santjordi-lleida\/wp-json\/wp\/v2\/posts\/28820\/revisions"}],"predecessor-version":[{"id":28918,"href":"https:\/\/agora.xtec.cat\/ceip-santjordi-lleida\/wp-json\/wp\/v2\/posts\/28820\/revisions\/28918"}],"wp:featuredmedia":[{"embeddable":true,"href":"https:\/\/agora.xtec.cat\/ceip-santjordi-lleida\/wp-json\/wp\/v2\/media\/28821"}],"wp:attachment":[{"href":"https:\/\/agora.xtec.cat\/ceip-santjordi-lleida\/wp-json\/wp\/v2\/media?parent=28820"}],"wp:term":[{"taxonomy":"category","embeddable":true,"href":"https:\/\/agora.xtec.cat\/ceip-santjordi-lleida\/wp-json\/wp\/v2\/categories?post=28820"},{"taxonomy":"post_tag","embeddable":true,"href":"https:\/\/agora.xtec.cat\/ceip-santjordi-lleida\/wp-json\/wp\/v2\/tags?post=28820"}],"curies":[{"name":"wp","href":"https:\/\/api.w.org\/{rel}","templated":true}]}}