{"id":28401,"date":"2020-05-04T08:18:54","date_gmt":"2020-05-04T06:18:54","guid":{"rendered":"http:\/\/agora.xtec.cat\/ceip-santjordi-lleida\/?p=28401"},"modified":"2020-05-06T10:09:25","modified_gmt":"2020-05-06T08:09:25","slug":"i-avui-desemboliquem-el-conte-embolicat","status":"publish","type":"post","link":"https:\/\/agora.xtec.cat\/ceip-santjordi-lleida\/general\/i-avui-desemboliquem-el-conte-embolicat\/","title":{"rendered":"I AVUI DESEMBOLIQUEM EL CONTE EMBOLICAT&#8230;"},"content":{"rendered":"<p style=\"text-align: center;\">EL CONTE EMBOLICAT PODRIA TENIR MOLTS T\u00cdTOLS DIFERENTS, DE FET EN PODRIA TENIR TANTS COM VOLGU\u00c9SSIM,<\/p>\n<p style=\"text-align: center;\">COM PER EXEMPLE, ELS QUE HEU SUGGERIT ELS NENS I NENES:<\/p>\n<p>&nbsp;<\/p>\n<p style=\"text-align: center;\"><strong>LES BOTES DE LA ROMUALDA<\/strong><\/p>\n<p style=\"text-align: center;\"><strong>LES BOTES CLOC CLOC<\/strong><\/p>\n<p style=\"text-align: center;\"><strong>LES BOTES NOVES DE LA ROMUALDA<\/strong><\/p>\n<p style=\"text-align: center;\"><strong>BRUIXES!<\/strong><\/p>\n<p style=\"text-align: center;\"><strong>LA ROMUALDA NO SE SAP CORDAR LES SABATES<\/strong><\/p>\n<p style=\"text-align: center;\"><strong>LES BOTES PUNXEGUDES<\/strong><\/p>\n<p style=\"text-align: center;\"><strong>EL CONTE DE LA BRUIXA<\/strong><\/p>\n<p style=\"text-align: center;\"><strong>ROMUALDA<\/strong><\/p>\n<p style=\"text-align: center;\"><strong>LES SABATES DE LA ROMUALDA<\/strong><\/p>\n<p style=\"text-align: center;\"><strong>LA ROMUALDA APR\u00c8N A CORDAR-SE LES SABATES<\/strong><\/p>\n<p style=\"text-align: center;\"><strong>ELS CORDONS DE LES BOTES DE LA BRUIXA<\/strong><\/p>\n<p style=\"text-align: center;\"><strong>LA BRUIXA I LES SABATES<\/strong><\/p>\n<p style=\"text-align: center;\"><strong>LA ROMUALDA NO SE SAP CORDAR ELS CORDONS DE LES SABATES<\/strong><\/p>\n<p style=\"text-align: center;\"><strong>LA BRUIXA ROMUALDA ES CORDA LES SABATES<\/strong><\/p>\n<p style=\"text-align: center;\"><strong>LA BRUIXA I LES BOTES<\/strong><\/p>\n<p style=\"text-align: center;\"><strong>LA ROMUALDA I LES SEVES BOTES!<\/strong><\/p>\n<p style=\"text-align: center;\"><strong>LA ROMUALDA APR\u00c8N A CORDAR-SE LES BOTES<\/strong><\/p>\n<p>&nbsp;<\/p>\n<p style=\"text-align: center;\">TOTS AQUESTS T\u00cdTOLS S\u00d3N FANT\u00c0STICS, BONICS, ADEQUATS I PERFECTES&#8230;<\/p>\n<p style=\"text-align: center;\">MOLTES GR\u00c0CIES PER LES IDEES!!<\/p>\n<p>&nbsp;<\/p>\n<p style=\"text-align: center;\"><strong>I ARA JA TENIU GANES DE SABER COM ES DIU EL CONTE? <\/strong><\/p>\n<p>&nbsp;<\/p>\n<p>&nbsp;<\/p>\n<p style=\"text-align: center;\"><strong>MIREU, MIREU&#8230;<\/strong><\/p>\n<p><img loading=\"lazy\" decoding=\"async\" class=\"size-large wp-image-28407 aligncenter\" src=\"https:\/\/agora.xtec.cat\/ceip-santjordi-lleida\/wp-content\/uploads\/usu1393\/2020\/05\/PORTADA.jpg\" alt=\"\" width=\"800\" height=\"843\" srcset=\"https:\/\/agora.xtec.cat\/ceip-santjordi-lleida\/wp-content\/uploads\/usu1393\/2020\/05\/PORTADA.jpg 800w, https:\/\/agora.xtec.cat\/ceip-santjordi-lleida\/wp-content\/uploads\/usu1393\/2020\/05\/PORTADA-285x300.jpg 285w, https:\/\/agora.xtec.cat\/ceip-santjordi-lleida\/wp-content\/uploads\/usu1393\/2020\/05\/PORTADA-768x809.jpg 768w\" sizes=\"auto, (max-width: 800px) 100vw, 800px\" \/><\/p>\n<p><img loading=\"lazy\" decoding=\"async\" class=\"size-full wp-image-28406 aligncenter\" src=\"https:\/\/agora.xtec.cat\/ceip-santjordi-lleida\/wp-content\/uploads\/usu1393\/2020\/05\/CONTRAPORTADA.jpg\" alt=\"\" width=\"800\" height=\"791\" srcset=\"https:\/\/agora.xtec.cat\/ceip-santjordi-lleida\/wp-content\/uploads\/usu1393\/2020\/05\/CONTRAPORTADA.jpg 800w, https:\/\/agora.xtec.cat\/ceip-santjordi-lleida\/wp-content\/uploads\/usu1393\/2020\/05\/CONTRAPORTADA-300x297.jpg 300w, https:\/\/agora.xtec.cat\/ceip-santjordi-lleida\/wp-content\/uploads\/usu1393\/2020\/05\/CONTRAPORTADA-768x759.jpg 768w\" sizes=\"auto, (max-width: 800px) 100vw, 800px\" \/><\/p>\n<p>&nbsp;<\/p>\n<p style=\"text-align: center;\"><strong>MOLTES GR\u00c0CIES A TOTES I TOTS PER SER-HI, <\/strong><\/p>\n<p style=\"text-align: center;\"><strong>ENS RETROBEM MOLT AVIAT AMB NOVES AVENTURES&#8230;<\/strong><\/p>\n<p>&nbsp;<\/p>\n<p>&nbsp;<\/p>\n","protected":false},"excerpt":{"rendered":"<p>EL CONTE EMBOLICAT PODRIA TENIR MOLTS T\u00cdTOLS DIFERENTS, DE FET EN PODRIA TENIR TANTS COM VOLGU\u00c9SSIM,<br \/>\nCOM PER EXEMPLE, ELS QUE HEU SUGGERIT ELS NENS I NENES:<br \/>\n&nbsp;<br \/>\nLES BOTES DE LA ROMUALDA<br \/>\nLES BOTES CLOC CLOC<br \/>\nLES BOTES NOVES DE LA ROMUALDA<br \/>\nBRUIXES!<br \/>\nLA ROMUALDA NO SE SAP CORDAR LES SABATES<br \/>\nLES&hellip;  <a href=\"https:\/\/agora.xtec.cat\/ceip-santjordi-lleida\/general\/i-avui-desemboliquem-el-conte-embolicat\/\" title=\"Read I AVUI DESEMBOLIQUEM EL CONTE EMBOLICAT&#8230;\">Llegeix m\u00e9s\u00bb<\/a><\/p>\n","protected":false},"author":10,"featured_media":28404,"comment_status":"open","ping_status":"closed","sticky":false,"template":"","format":"standard","meta":{"_bbp_topic_count":0,"_bbp_reply_count":0,"_bbp_total_topic_count":0,"_bbp_total_reply_count":0,"_bbp_voice_count":0,"_bbp_anonymous_reply_count":0,"_bbp_topic_count_hidden":0,"_bbp_reply_count_hidden":0,"_bbp_forum_subforum_count":0,"footnotes":""},"categories":[333,1,2,73,4],"tags":[423,446],"class_list":["post-28401","post","type-post","status-publish","format-standard","has-post-thumbnail","hentry","category-biblioteca","category-general","category-infantil","category-novetats","category-portada","tag-bibliopetita","tag-joemquedoacasa"],"post_mailing_queue_ids":[],"_links":{"self":[{"href":"https:\/\/agora.xtec.cat\/ceip-santjordi-lleida\/wp-json\/wp\/v2\/posts\/28401","targetHints":{"allow":["GET"]}}],"collection":[{"href":"https:\/\/agora.xtec.cat\/ceip-santjordi-lleida\/wp-json\/wp\/v2\/posts"}],"about":[{"href":"https:\/\/agora.xtec.cat\/ceip-santjordi-lleida\/wp-json\/wp\/v2\/types\/post"}],"author":[{"embeddable":true,"href":"https:\/\/agora.xtec.cat\/ceip-santjordi-lleida\/wp-json\/wp\/v2\/users\/10"}],"replies":[{"embeddable":true,"href":"https:\/\/agora.xtec.cat\/ceip-santjordi-lleida\/wp-json\/wp\/v2\/comments?post=28401"}],"version-history":[{"count":3,"href":"https:\/\/agora.xtec.cat\/ceip-santjordi-lleida\/wp-json\/wp\/v2\/posts\/28401\/revisions"}],"predecessor-version":[{"id":28458,"href":"https:\/\/agora.xtec.cat\/ceip-santjordi-lleida\/wp-json\/wp\/v2\/posts\/28401\/revisions\/28458"}],"wp:featuredmedia":[{"embeddable":true,"href":"https:\/\/agora.xtec.cat\/ceip-santjordi-lleida\/wp-json\/wp\/v2\/media\/28404"}],"wp:attachment":[{"href":"https:\/\/agora.xtec.cat\/ceip-santjordi-lleida\/wp-json\/wp\/v2\/media?parent=28401"}],"wp:term":[{"taxonomy":"category","embeddable":true,"href":"https:\/\/agora.xtec.cat\/ceip-santjordi-lleida\/wp-json\/wp\/v2\/categories?post=28401"},{"taxonomy":"post_tag","embeddable":true,"href":"https:\/\/agora.xtec.cat\/ceip-santjordi-lleida\/wp-json\/wp\/v2\/tags?post=28401"}],"curies":[{"name":"wp","href":"https:\/\/api.w.org\/{rel}","templated":true}]}}