{"id":28286,"date":"2020-04-23T20:37:41","date_gmt":"2020-04-23T18:37:41","guid":{"rendered":"http:\/\/agora.xtec.cat\/ceip-santjordi-lleida\/?p=28286"},"modified":"2020-04-24T00:08:00","modified_gmt":"2020-04-23T22:08:00","slug":"col-laboracio-amb-el-centre-geriatric-lleida","status":"publish","type":"post","link":"https:\/\/agora.xtec.cat\/ceip-santjordi-lleida\/portada\/col-laboracio-amb-el-centre-geriatric-lleida\/","title":{"rendered":"Col.laboraci\u00f3 amb el Centre Geri\u00e0tric Lleida"},"content":{"rendered":"<p>Ei!<\/p>\n<p>L&#8217;alumnat de Cicle Superior hem realitzat aquest detall amb els padrins i padrines del Centre Geri\u00e0tric Lleida.<\/p>\n<p>Us deixem aqu\u00ed l&#8217;enlla\u00e7!<\/p>\n<p>Bona Diada de Sant Jordi!<\/p>\n<p><iframe loading=\"lazy\" title=\"Escola Sant Jordi - Col.laboracio\u0301 amb el Centre Geri\u00e0tric Lleida\" width=\"500\" height=\"281\" src=\"https:\/\/www.youtube.com\/embed\/I2YzZcse0l0?feature=oembed\" frameborder=\"0\" allow=\"accelerometer; autoplay; clipboard-write; encrypted-media; gyroscope; picture-in-picture; web-share\" referrerpolicy=\"strict-origin-when-cross-origin\" allowfullscreen><\/iframe><\/p>\n<p>&nbsp;<\/p>\n<p><iframe loading=\"lazy\" title=\"Escola Sant Jordi - Col.laboracio\u0301 amb el Centre Geri\u00e0tric Lleida\" width=\"500\" height=\"281\" src=\"https:\/\/www.youtube.com\/embed\/u_LwgBslAes?feature=oembed\" frameborder=\"0\" allow=\"accelerometer; autoplay; clipboard-write; encrypted-media; gyroscope; picture-in-picture; web-share\" referrerpolicy=\"strict-origin-when-cross-origin\" allowfullscreen><\/iframe><\/p>\n<p>&nbsp;<\/p>\n<p>I Aqu\u00ed la not\u00edcia que han penjat a la seva p\u00e0gina web!<\/p>\n<blockquote class=\"wp-embedded-content\" data-secret=\"56CnfEiPwK\"><p><a href=\"https:\/\/centregeriatriclleida.com\/7199\/\">ESPECIAL MISSATGE de l&#8217;escola Sant Jordi de Lleida<\/a><\/p><\/blockquote>\n<p><iframe loading=\"lazy\" class=\"wp-embedded-content\" sandbox=\"allow-scripts\" security=\"restricted\" style=\"position: absolute; clip: rect(1px, 1px, 1px, 1px);\" title=\"&#8220;ESPECIAL MISSATGE de l&#8217;escola Sant Jordi de Lleida&#8221; &#8212; Centre Geri\u00e0tric Lleida\" src=\"https:\/\/centregeriatriclleida.com\/7199\/embed\/#?secret=56CnfEiPwK\" data-secret=\"56CnfEiPwK\" width=\"500\" height=\"282\" frameborder=\"0\" marginwidth=\"0\" marginheight=\"0\" scrolling=\"no\"><\/iframe><\/p>\n","protected":false},"excerpt":{"rendered":"<p>Ei!<br \/>\nL&#8217;alumnat de Cicle Superior hem realitzat aquest detall amb els padrins i padrines del Centre Geri\u00e0tric Lleida.<br \/>\nUs deixem aqu\u00ed l&#8217;enlla\u00e7!<br \/>\nBona Diada de Sant Jordi!<\/p>\n<p>&nbsp;<\/p>\n<p>&nbsp;<br \/>\nI Aqu\u00ed la not\u00edcia que han penjat a la seva p\u00e0gina web!<br \/>\n<a href=\"https:\/\/centregeriatriclleida.com\/7199\/\">ESPECIAL MISSATGE de l&#8217;escola Sant Jordi de Lleida<\/a><\/p>\n","protected":false},"author":10,"featured_media":28290,"comment_status":"open","ping_status":"closed","sticky":false,"template":"","format":"standard","meta":{"_bbp_topic_count":0,"_bbp_reply_count":0,"_bbp_total_topic_count":0,"_bbp_total_reply_count":0,"_bbp_voice_count":0,"_bbp_anonymous_reply_count":0,"_bbp_topic_count_hidden":0,"_bbp_reply_count_hidden":0,"_bbp_forum_subforum_count":0,"footnotes":""},"categories":[14,15,4],"tags":[449,387],"class_list":["post-28286","post","type-post","status-publish","format-standard","has-post-thumbnail","hentry","category-5e","category-6e","category-portada","tag-escola-sant-jordi","tag-festa-de-sant-jordi"],"post_mailing_queue_ids":[],"_links":{"self":[{"href":"https:\/\/agora.xtec.cat\/ceip-santjordi-lleida\/wp-json\/wp\/v2\/posts\/28286","targetHints":{"allow":["GET"]}}],"collection":[{"href":"https:\/\/agora.xtec.cat\/ceip-santjordi-lleida\/wp-json\/wp\/v2\/posts"}],"about":[{"href":"https:\/\/agora.xtec.cat\/ceip-santjordi-lleida\/wp-json\/wp\/v2\/types\/post"}],"author":[{"embeddable":true,"href":"https:\/\/agora.xtec.cat\/ceip-santjordi-lleida\/wp-json\/wp\/v2\/users\/10"}],"replies":[{"embeddable":true,"href":"https:\/\/agora.xtec.cat\/ceip-santjordi-lleida\/wp-json\/wp\/v2\/comments?post=28286"}],"version-history":[{"count":3,"href":"https:\/\/agora.xtec.cat\/ceip-santjordi-lleida\/wp-json\/wp\/v2\/posts\/28286\/revisions"}],"predecessor-version":[{"id":28298,"href":"https:\/\/agora.xtec.cat\/ceip-santjordi-lleida\/wp-json\/wp\/v2\/posts\/28286\/revisions\/28298"}],"wp:featuredmedia":[{"embeddable":true,"href":"https:\/\/agora.xtec.cat\/ceip-santjordi-lleida\/wp-json\/wp\/v2\/media\/28290"}],"wp:attachment":[{"href":"https:\/\/agora.xtec.cat\/ceip-santjordi-lleida\/wp-json\/wp\/v2\/media?parent=28286"}],"wp:term":[{"taxonomy":"category","embeddable":true,"href":"https:\/\/agora.xtec.cat\/ceip-santjordi-lleida\/wp-json\/wp\/v2\/categories?post=28286"},{"taxonomy":"post_tag","embeddable":true,"href":"https:\/\/agora.xtec.cat\/ceip-santjordi-lleida\/wp-json\/wp\/v2\/tags?post=28286"}],"curies":[{"name":"wp","href":"https:\/\/api.w.org\/{rel}","templated":true}]}}