{"id":28222,"date":"2020-04-22T09:38:46","date_gmt":"2020-04-22T07:38:46","guid":{"rendered":"http:\/\/agora.xtec.cat\/ceip-santjordi-lleida\/?p=28222"},"modified":"2020-04-22T09:38:46","modified_gmt":"2020-04-22T07:38:46","slug":"a-4t-reflexionem-i-agraim","status":"publish","type":"post","link":"https:\/\/agora.xtec.cat\/ceip-santjordi-lleida\/portada\/a-4t-reflexionem-i-agraim\/","title":{"rendered":"A 4t reflexionem i agra\u00efm"},"content":{"rendered":"<p><strong>La gent de 4t hem reflexionat conjuntament sobre el moment que estem vivint. I hem escrit un text cooperatiu agraint la tasca de moltes persones i expressant el que sentim..\u00a0<\/strong><\/p>\n<p>Les nenes i els nens de 4t hem reflexionat durant el confinament sobre les persones que durant aquests dies han hagut d\u2019anar a treballar, sense poder quedar-se a casa\u00a0 confinades amb les seves fam\u00edlies&#8230;<\/p>\n<p>Agra\u00efm i valorem molt\u00edssim la feina que fan i hem pres consci\u00e8ncia de com s\u00f3n d\u2019importants perqu\u00e8 nosaltres puguem continuar la nostra vida.<\/p>\n<p>Quin gran aprenentatge estem fent tots\/es plegats\/des!<\/p>\n<p>He pensat en les dones i homes (pocs) que es dediquen a netejar cada dia tots els serveis p\u00fablics com les escoles, els Caps, les Comissaries, el parc dels bombers, els hospitals, etc. S\u00f3n persones que en la situaci\u00f3 que estem vivint tamb\u00e9 han de sortir a treballar i netejar per desinfectar tot amb molta cura. La tasca que fan \u00e9s molt important sempre i ara m\u00e9s que mai!<\/p>\n<p>Aquests dies, he tingut molt en compte a les persones que treballen tant\u00a0 als hospitals com a fora dels hospitals:\u00a0 infermeres i infermers,\u00a0 policies i bombers, personal dels supermercats etc. S\u00f3n persones que ho donen tot per poder acabar amb el coronavirus tots plegats, el personal sanitari i els que estan confinats: gent gran, pares, mares, filles i fills. S\u00f3n persones que s\u00f3n molt valentes i\u00a0\u00a0valents, fan un treball molt important i ara ho donen tot com sempre havien fet per\u00f2 ara ens en adonem perqu\u00e8 sense ells no podem fer res per aturar aquesta pand\u00e8mia. Els hi desitjo molta salut i molta sort\u00a0 per a tots ells i elles!<\/p>\n<p>Jo trobo que els\/les periodistes fan una feina molt important i m\u00e9s en aquests dies tan durs. Ens tenen informats\/des de tot el que passa. Molta de la informaci\u00f3 que sabem \u00e9s gr\u00e0cies a ells\/elles.\u00a0Crec que la seva tasca mereix un aplaudiment.<\/p>\n<p>La meva tieta Claustre \u00e9s neur\u00f2loga per\u00f2 ara es dedica a tractar pacients amb Covid-19, s\u2019est\u00e0 moltes hores treballant\u00a0 a l\u00b4hospital amb aquests tipus de malalts. A casa t\u00e9 dos fills, els meus cosins, d\u2019un any i mig i quatre que estan amb una cangur. Quan torna a casa \u00e9s molt tard i gaireb\u00e9 no t\u00e9 temps de veure\u2019ls. A m\u00e9s, corre el risc d\u2019infectar-se a ella i a la seva fam\u00edlia. Li agraeixo molt la seva tasca.<\/p>\n<p>Jo trobo a faltar els familiars, el dia que tot aix\u00f2 s\u2019acabi cridar\u00e9 VISCA!!!!!! . Per una banda em sento trist i amb ganes de plorar per la gent que mort de coronavirus i em sento content\u00a0 perqu\u00e8 sabem que els investigadors\/es i tot el personal sanitari treballen pels malalts\/es. Tinc molta sort d\u2019estar amb la fam\u00edlia i que estiguem b\u00e9. \u00a0Queda\u00b4t\u00a0 a casa.<\/p>\n<p>Jo estic molt preocupada pel\u00a0 personal sanitari per arriscar la vida per nosaltres. Trobo a faltar molt a la meva fam\u00edlia , amics i amigues. Em sento b\u00e9\u00a0 perqu\u00e8 fem el correcte en\u00a0 quedar-nos a casa i amb r\u00e0bia per la gent que no es pren en s\u00e8rio el confinament.\u00a0Tinc moltes ganes que s\u2019acabi tot aix\u00f2 i TOT ANIR\u00c0 B\u00c9!!!!!!!!!!<\/p>\n<p>Doncs jo penso en la solidaritat que molta gent est\u00e0 tenint, fabricant i donant material sanitari als professionals que ho necessiten com per exemple unes senyores de Corbins que van cosir amb roba vella mascaretes per donar-les a la Comissaria de Mossos d\u2019Esquadra de T\u00e0rrega. Hi ha d\u2019altra gent que son voluntaris en repartir menjar i fer la compra a persones que no surten gens de casa. Totes les tasques que puguin ajudar a evitar el contagi faran que el confinament acabi m\u00e9s aviat.<\/p>\n<p>Jo crec que no ens hem de sentir in\u00fatils per\u00a0 quedar-nos a casa perqu\u00e8 estem fent que aix\u00ed ni el podem agafar ni el podem contagiar. El problema \u00e9s que si no f\u00e9ssim aix\u00f2 hi hauria un contagi en cadena ja que tu el pots contagiar a el teu pare\/mare i quan vagi a comprar el pot contagiar a una altra persona a aix\u00ed successivament.<\/p>\n<p>Jo estic una mica preocupada per la meva tieta Laura ja que est\u00e0 embarassada i com que no es sap si s\u2019allarga i si t\u00e9 el nen a casa???A la vegada tamb\u00e9 estic preocupada per la meva bes\u00e0via que viu sola a casa i ja te 91 anys. Hi ha molta gent que est\u00e0 a casa i no pot anar al metge perqu\u00e8 no estan prou greus encara que hi haurien d\u2019anar.\u00a0Quedat a casa!!!<\/p>\n<p>Jo abans estava preocupat per\u00f2 no tant com ara, perqu\u00e8 tinc una amiga de la meva mare que est\u00e0 infectada. Ella es infermera. Un dia va vindre a casa\u00a0 nostra, per\u00f2 no a dintre de casa, la meva mare i ella van parlar amb molta dist\u00e0ncia i precaucions, jo vaig sentir de que parlaven i vaig veure en les situacions que estava treballant . Quan estic m\u00e9s trist \u00e9s quan diuen per la tele el nombre d&#8217;infectats, morts\u2026 Ara \u00e9s un moment en qu\u00e8 alguna\u00a0 gent es veu molt afortunada de no est\u00e0 infectada, ni cap\u00a0 familiar seu, tenim molta sort.\u00a0TIREM ENDAVANT!!!<\/p>\n<p>Em sento preocupat pels infermers\/eres que treballen tots els dies. Penso que els policies fan molt bona feina (tot i que penso que fiquen masses multes perqu\u00e8 la gent no s\u2019est\u00e0 a casa).\u00a0La gent del supermercat ha de tocar menjar tot i que portin guants, mascareta i desinfectant i es poden contagiar.\u00a0Jo penso que els periodistes no haurien de sortir al carrer a informar i que enlloc de fer les not\u00edcies al plat\u00f3 les haurien de fer des del sof\u00e0 de casa seva.<\/p>\n<p>Jo penso que unes de professions que de vegades no s\u2019aprecien prou son els cient\u00edfics i els fabricadors de m\u00e0scares i respiradors.\u00a0Els cient\u00edfics no s&#8217;aprecien gaire perqu\u00e8 intenten trobar la vacuna i casi mai surten not\u00edcies del que fan.\u00a0Els fabricadors una mica el mateix, no se&#8217;ls aprecia com altres, a algunes f\u00e0briques de cotxes de seat fan respiradors i la not\u00edcia\u00a0 no s\u2019ha escampat gaire.<\/p>\n<p>Per primera vegada apareix el coronavirus al desembre del 2019 a la Xina. Al nostre pa\u00eds va arribar al gener del 2020 i fins el 12 de mar\u00e7 no comen\u00e7a l\u2019alerta que ens hem de quedar a casa.\u00a0Hem de donar gr\u00e0cies a tota la gent que est\u00e0 treballant per nosaltres com s\u00f3n: infermers\/es, policies, bombers, els de les ambul\u00e0ncies i resid\u00e8ncies, etc\u2026 perqu\u00e8 sense ells potser no ens podr\u00edem curar.\u00a0No ens oblidem de la gent que treballa als supermercats, els taxistes, els conductors d\u2019autobusos, els farmac\u00e8utics, els transportistes, etc\u2026 ja que encara que no salven vides treballen per nosaltres.\u00a0Gr\u00e0cies a tots i totes, aix\u00f2 s&#8217;acabar\u00e0 algun dia.\u00a0QUEDA\u2019T A CASA!!!!!!!!!!!!!!!!!!!!!!!!!!!!!!!!!!!!!!!!!!!!!!!!!!!!!!!!!!!!!!<\/p>\n<p>Doncs a m\u00ed em preocupa molt la situaci\u00f3 actual. Veig cada dia que les not\u00edcies no son massa bones, per\u00f2 el que \u00e9s pitjor \u00e9s quan veig i escolto els comentaris que fan els pares de tot el que est\u00e0 passant. Ells no se\u2019n adonen i aix\u00f2 fa que encara em preocupi m\u00e9s, per\u00f2 s\u00e9 que finalment tot acabar\u00e0 passant i aix\u00f2 em tranquil\u00b7litza. Per acabar, vull recordar a tota la meva fam\u00edlia (els Abuelos, la Padrina, els Tatos, etc.) i a tots els meus amics, els vull veure ben aviat!!!\u00a0# quedat a casa.\u00a0\u00a0# tot anir\u00e0 b\u00e9.<\/p>\n<p>&nbsp;<\/p>\n<p>&nbsp;<\/p>\n","protected":false},"excerpt":{"rendered":"<p>La gent de 4t hem reflexionat conjuntament sobre el moment que estem vivint. I hem escrit un text cooperatiu agraint la tasca de moltes persones i expressant el que sentim..\u00a0<br \/>\nLes nenes i els nens de 4t hem reflexionat durant el confinament sobre les persones que&hellip;  <a href=\"https:\/\/agora.xtec.cat\/ceip-santjordi-lleida\/portada\/a-4t-reflexionem-i-agraim\/\" title=\"Read A 4t reflexionem i agra\u00efm\">Llegeix m\u00e9s\u00bb<\/a><\/p>\n","protected":false},"author":10,"featured_media":0,"comment_status":"open","ping_status":"closed","sticky":false,"template":"","format":"standard","meta":{"_bbp_topic_count":0,"_bbp_reply_count":0,"_bbp_total_topic_count":0,"_bbp_total_reply_count":0,"_bbp_voice_count":0,"_bbp_anonymous_reply_count":0,"_bbp_topic_count_hidden":0,"_bbp_reply_count_hidden":0,"_bbp_forum_subforum_count":0,"footnotes":""},"categories":[13,4,5],"tags":[382,447,446],"class_list":["post-28222","post","type-post","status-publish","format-standard","hentry","category-4t","category-portada","category-primaria","tag-classe","tag-compartim","tag-joemquedoacasa"],"post_mailing_queue_ids":[],"_links":{"self":[{"href":"https:\/\/agora.xtec.cat\/ceip-santjordi-lleida\/wp-json\/wp\/v2\/posts\/28222","targetHints":{"allow":["GET"]}}],"collection":[{"href":"https:\/\/agora.xtec.cat\/ceip-santjordi-lleida\/wp-json\/wp\/v2\/posts"}],"about":[{"href":"https:\/\/agora.xtec.cat\/ceip-santjordi-lleida\/wp-json\/wp\/v2\/types\/post"}],"author":[{"embeddable":true,"href":"https:\/\/agora.xtec.cat\/ceip-santjordi-lleida\/wp-json\/wp\/v2\/users\/10"}],"replies":[{"embeddable":true,"href":"https:\/\/agora.xtec.cat\/ceip-santjordi-lleida\/wp-json\/wp\/v2\/comments?post=28222"}],"version-history":[{"count":1,"href":"https:\/\/agora.xtec.cat\/ceip-santjordi-lleida\/wp-json\/wp\/v2\/posts\/28222\/revisions"}],"predecessor-version":[{"id":28223,"href":"https:\/\/agora.xtec.cat\/ceip-santjordi-lleida\/wp-json\/wp\/v2\/posts\/28222\/revisions\/28223"}],"wp:attachment":[{"href":"https:\/\/agora.xtec.cat\/ceip-santjordi-lleida\/wp-json\/wp\/v2\/media?parent=28222"}],"wp:term":[{"taxonomy":"category","embeddable":true,"href":"https:\/\/agora.xtec.cat\/ceip-santjordi-lleida\/wp-json\/wp\/v2\/categories?post=28222"},{"taxonomy":"post_tag","embeddable":true,"href":"https:\/\/agora.xtec.cat\/ceip-santjordi-lleida\/wp-json\/wp\/v2\/tags?post=28222"}],"curies":[{"name":"wp","href":"https:\/\/api.w.org\/{rel}","templated":true}]}}