{"id":27805,"date":"2020-04-14T08:57:19","date_gmt":"2020-04-14T06:57:19","guid":{"rendered":"http:\/\/agora.xtec.cat\/ceip-santjordi-lleida\/?p=27805"},"modified":"2020-04-14T08:57:19","modified_gmt":"2020-04-14T06:57:19","slug":"us-animeu-amb-el-repte-de-descoberta","status":"publish","type":"post","link":"https:\/\/agora.xtec.cat\/ceip-santjordi-lleida\/general\/us-animeu-amb-el-repte-de-descoberta\/","title":{"rendered":"US ANIMEU AMB EL REPTE DE DESCOBERTA?"},"content":{"rendered":"<p>Trobem a faltar els petits reptes de descoberta que fem a l\u2019escola. Per aix\u00f2 aquesta setmana us en proposem un.<\/p>\n<p>L\u2019Emai ja fa molts dies en va fer un a casa i us el volem compartir per si us animeu, es diu:<\/p>\n<p style=\"text-align: center;\"><strong>L\u2019AIGUA QUE CAMINA<\/strong><\/p>\n<p>Qu\u00e8 necessiteu?<\/p>\n<p>&#8211; 7 gots o pots transparents<\/p>\n<p>&#8211; Tovallons de cuina de paper (o similar)<\/p>\n<p>&#8211; Colorant alimentari dels colors: groc, vermell i blau (si no en teniu us anir\u00e0 b\u00e9 t\u00e9mpera dilu\u00efda en aigua)<\/p>\n<p>&#8211; Aigua<\/p>\n<p>&#8211; I GANES DE FER BULLIR EL CERVELL&#8230; (que ja s\u00e9 que sempre en teniu :))<\/p>\n<p>Abans de posar-nos a la feina, penseu!<\/p>\n<p style=\"text-align: center;\"><strong>Qu\u00e8 passar\u00e0 si posem un dels extrems del tovall\u00f3 en contacte amb l\u2019aigua?<\/strong><\/p>\n<p style=\"text-align: center;\"><strong>Es mullar\u00e0 tot o nom\u00e9s el trosset que toca a l\u2019aigua? <\/strong><\/p>\n<p>Despr\u00e9s de pensar-ho, prova-ho!<\/p>\n<p><em>(Al primer moment nom\u00e9s es mullar\u00e0 la zona que est\u00e0 en contacte directe amb l\u2019aigua, per\u00f2 a mesura que passi l\u2019estona, la superf\u00edcie mullada anir\u00e0 augmentant i mullar\u00e0 tot el paper)<\/em><\/p>\n<p>CONTINUEM&#8230;<\/p>\n<ol>\n<li>Posem el set gots en fila, un al costat de l\u2019altre i omplim d\u2019aigua el primer, el tercer, el cinqu\u00e8 i el set\u00e8.<\/li>\n<\/ol>\n<p><img loading=\"lazy\" decoding=\"async\" class=\"size-medium wp-image-27806 aligncenter\" src=\"https:\/\/agora.xtec.cat\/ceip-santjordi-lleida\/wp-content\/uploads\/usu1393\/2020\/04\/IMG_7123-petita-225x300.jpg\" alt=\"\" width=\"225\" height=\"300\" srcset=\"https:\/\/agora.xtec.cat\/ceip-santjordi-lleida\/wp-content\/uploads\/usu1393\/2020\/04\/IMG_7123-petita-225x300.jpg 225w, https:\/\/agora.xtec.cat\/ceip-santjordi-lleida\/wp-content\/uploads\/usu1393\/2020\/04\/IMG_7123-petita.jpg 600w\" sizes=\"auto, (max-width: 225px) 100vw, 225px\" \/><\/p>\n<p style=\"text-align: center;\"><strong>De quin color \u00e9s l\u2019aigua?<\/strong><\/p>\n<p style=\"text-align: center;\"><strong>Qu\u00e8 passar\u00e0 quan hi posem el colorant? Penseu i comproveu.<\/strong><\/p>\n<ol start=\"2\">\n<li>Posem colorant vermell (10 gotes). als dos gots que s\u00f3n a la punta Al tercer got hi posem colorant blau (10 gotes) i al cinqu\u00e8 colorant groc (10 gotes).<\/li>\n<\/ol>\n<p><img loading=\"lazy\" decoding=\"async\" class=\"size-medium wp-image-27807 aligncenter\" src=\"https:\/\/agora.xtec.cat\/ceip-santjordi-lleida\/wp-content\/uploads\/usu1393\/2020\/04\/IMG_7130-petita-225x300.jpg\" alt=\"\" width=\"225\" height=\"300\" srcset=\"https:\/\/agora.xtec.cat\/ceip-santjordi-lleida\/wp-content\/uploads\/usu1393\/2020\/04\/IMG_7130-petita-225x300.jpg 225w, https:\/\/agora.xtec.cat\/ceip-santjordi-lleida\/wp-content\/uploads\/usu1393\/2020\/04\/IMG_7130-petita.jpg 600w\" sizes=\"auto, (max-width: 225px) 100vw, 225px\" \/><\/p>\n<ol start=\"3\">\n<li>Ja heu vist qu\u00e8 ha passat amb l\u2019aigua? Ara teniu, dos gots amb aigua vermella, un altre amb aigua groga i un altre amb aigua blava. Ara hi posarem els tovallons de cuina. Els hem d\u2019enrotllar i col\u00b7locar-los fent un pont que va connectant un got amb l\u2019altre, aix\u00ed:<\/li>\n<\/ol>\n<p><img loading=\"lazy\" decoding=\"async\" class=\"size-medium wp-image-27808 aligncenter\" src=\"https:\/\/agora.xtec.cat\/ceip-santjordi-lleida\/wp-content\/uploads\/usu1393\/2020\/04\/IMG_7136-300x121.jpg\" alt=\"\" width=\"300\" height=\"121\" srcset=\"https:\/\/agora.xtec.cat\/ceip-santjordi-lleida\/wp-content\/uploads\/usu1393\/2020\/04\/IMG_7136-300x121.jpg 300w, https:\/\/agora.xtec.cat\/ceip-santjordi-lleida\/wp-content\/uploads\/usu1393\/2020\/04\/IMG_7136.jpg 597w\" sizes=\"auto, (max-width: 300px) 100vw, 300px\" \/><\/p>\n<p>I ara, a esperar&#8230; i mentrestant tamb\u00e9 podeu pensar:<\/p>\n<p style=\"text-align: center;\"><strong>US SEMBLA QUE L\u2019AIGUA PODR\u00c0 PUJAR (DESAFIANT LA GRAVETAT)?<\/strong><\/p>\n<p style=\"text-align: center;\"><strong>QU\u00c8 CREIEU QUE HI HAUR\u00c0 ALS GOTS ON AL PRINCIPI NO HI HAVIA AIGUA?<\/strong><\/p>\n<p style=\"text-align: center;\"><strong>ELS COLORS ES BARREJARAN? CANVIARAN? PER QU\u00c8 ET SEMBLA QUE PASSA AIX\u00d2?<\/strong><\/p>\n<p><em>Podeu anar afegint els comentaris aqu\u00ed al web o tamb\u00e9 enviar-nos les vostres fotos i v\u00eddeos sobre l\u2019experi\u00e8ncia a <\/em>mrubio68@xtec.cat<em><br \/>\n<\/em><\/p>\n<p><em>Aix\u00ed compartim coneixement i entre totes i tots anirem traient conclusions. I sobretot, passeu-ho molt b\u00e9!!!<\/em><\/p>\n","protected":false},"excerpt":{"rendered":"<p>Trobem a faltar els petits reptes de descoberta que fem a l\u2019escola. Per aix\u00f2 aquesta setmana us en proposem un.<br \/>\nL\u2019Emai ja fa molts dies en va fer un a casa i us el volem compartir per si us animeu, es diu:<br \/>\nL\u2019AIGUA QUE CAMINA<br \/>\nQu\u00e8 necessiteu?<br \/>\n&#8211; 7&hellip;  <a href=\"https:\/\/agora.xtec.cat\/ceip-santjordi-lleida\/general\/us-animeu-amb-el-repte-de-descoberta\/\" title=\"Read US ANIMEU AMB EL REPTE DE DESCOBERTA?\">Llegeix m\u00e9s\u00bb<\/a><\/p>\n","protected":false},"author":10,"featured_media":27809,"comment_status":"open","ping_status":"closed","sticky":false,"template":"","format":"standard","meta":{"_bbp_topic_count":0,"_bbp_reply_count":0,"_bbp_total_topic_count":0,"_bbp_total_reply_count":0,"_bbp_voice_count":0,"_bbp_anonymous_reply_count":0,"_bbp_topic_count_hidden":0,"_bbp_reply_count_hidden":0,"_bbp_forum_subforum_count":0,"footnotes":""},"categories":[1,2,73,4],"tags":[329,446],"class_list":["post-27805","post","type-post","status-publish","format-standard","has-post-thumbnail","hentry","category-general","category-infantil","category-novetats","category-portada","tag-ciencies","tag-joemquedoacasa"],"post_mailing_queue_ids":[],"_links":{"self":[{"href":"https:\/\/agora.xtec.cat\/ceip-santjordi-lleida\/wp-json\/wp\/v2\/posts\/27805","targetHints":{"allow":["GET"]}}],"collection":[{"href":"https:\/\/agora.xtec.cat\/ceip-santjordi-lleida\/wp-json\/wp\/v2\/posts"}],"about":[{"href":"https:\/\/agora.xtec.cat\/ceip-santjordi-lleida\/wp-json\/wp\/v2\/types\/post"}],"author":[{"embeddable":true,"href":"https:\/\/agora.xtec.cat\/ceip-santjordi-lleida\/wp-json\/wp\/v2\/users\/10"}],"replies":[{"embeddable":true,"href":"https:\/\/agora.xtec.cat\/ceip-santjordi-lleida\/wp-json\/wp\/v2\/comments?post=27805"}],"version-history":[{"count":2,"href":"https:\/\/agora.xtec.cat\/ceip-santjordi-lleida\/wp-json\/wp\/v2\/posts\/27805\/revisions"}],"predecessor-version":[{"id":27913,"href":"https:\/\/agora.xtec.cat\/ceip-santjordi-lleida\/wp-json\/wp\/v2\/posts\/27805\/revisions\/27913"}],"wp:featuredmedia":[{"embeddable":true,"href":"https:\/\/agora.xtec.cat\/ceip-santjordi-lleida\/wp-json\/wp\/v2\/media\/27809"}],"wp:attachment":[{"href":"https:\/\/agora.xtec.cat\/ceip-santjordi-lleida\/wp-json\/wp\/v2\/media?parent=27805"}],"wp:term":[{"taxonomy":"category","embeddable":true,"href":"https:\/\/agora.xtec.cat\/ceip-santjordi-lleida\/wp-json\/wp\/v2\/categories?post=27805"},{"taxonomy":"post_tag","embeddable":true,"href":"https:\/\/agora.xtec.cat\/ceip-santjordi-lleida\/wp-json\/wp\/v2\/tags?post=27805"}],"curies":[{"name":"wp","href":"https:\/\/api.w.org\/{rel}","templated":true}]}}