{"id":27642,"date":"2020-03-24T11:26:13","date_gmt":"2020-03-24T10:26:13","guid":{"rendered":"http:\/\/agora.xtec.cat\/ceip-santjordi-lleida\/?p=27642"},"modified":"2020-04-14T13:37:37","modified_gmt":"2020-04-14T11:37:37","slug":"compartim-treballs-en-confinament","status":"publish","type":"post","link":"https:\/\/agora.xtec.cat\/ceip-santjordi-lleida\/portada\/compartim-treballs-en-confinament\/","title":{"rendered":"Compartim treballs en confinament"},"content":{"rendered":"<p>Hola genis de 4t. Com esteu? Alguns i algunes ja s\u00e9 que esteu molt b\u00e9, aprenent d&#8217;una altra manera i compartint el temps amb qui m\u00e9s estimeu. En aquest article anir\u00e9 penjant els treballs que m&#8217;aneu enviant. Estic molt contenta de veure com feu anar la imaginaci\u00f3.\u00a0 \u00c0nims gent de 4t, d&#8217;aquesta en farem grans aprenentatges! Sou encantadors\/es!<\/p>\n<p>El <strong>D\u00eddac B<\/strong>\u00a0<span style=\"font-family: inherit; font-size: 1em;\">ha fet un experiment, <strong>un<\/strong><\/span><strong>\u00a0volc\u00e0.<\/strong><span style=\"font-family: inherit; font-size: 1em;\">\u00a0Mireu:<\/span><\/p>\n<p><iframe loading=\"lazy\" src=\"\/\/www.youtube.com\/embed\/_R_5QSpIi-o\" width=\"560\" height=\"314\"><\/iframe><\/p>\n<p>El <strong>Roger R<\/strong>. ha descobert la<strong> m\u00fasica 8D<\/strong> i diu:<\/p>\n<div dir=\"auto\">Us recomano un estil de m\u00fasica que hem descobert: la m\u00fasica 8D.<\/div>\n<div dir=\"auto\">Aquest efecte fa que la m\u00fasica &#8220;floti&#8221;.<\/div>\n<div dir=\"auto\">Per escoltar-ho has de posar-te &#8220;cascos&#8221;.<\/div>\n<div dir=\"auto\">Aquesta \u00e9s la can\u00e7\u00f3 Al\u00b7leluia, \u00e9s la m\u00e9s relaxant i bonica. A YouTube hi ha moltes can\u00e7ons en 8d. Nom\u00e8s has de posar Pentatonix 8D o m\u00fasica 8d al buscador. \u00c9s una passada.<\/div>\n<div dir=\"auto\"><\/div>\n<div dir=\"auto\"><iframe loading=\"lazy\" src=\"\/\/www.youtube.com\/embed\/YiY3ythuT08\" width=\"560\" height=\"314\"><\/iframe><\/div>\n<p>El <strong>Jordi<\/strong> ens envia el seu Stop Motion, titulat Romans.<\/p>\n<p><iframe loading=\"lazy\" src=\"\/\/www.youtube.com\/embed\/igdg7EOQL6o\" width=\"560\" height=\"314\"><\/iframe><\/p>\n<p>Aqui va un stop motion que ha creat el <strong>Roger Camarasa<\/strong><\/p>\n<p><iframe loading=\"lazy\" src=\"\/\/www.youtube.com\/embed\/esnHAJzAKSw\" width=\"560\" height=\"314\"><\/iframe><\/p>\n<p>El<strong> Jan<\/strong> comparteix\u00a0<a href=\"https:\/\/photos.app.goo.gl\/bJvBxeL3ZMLbdxu27\" target=\"_blank\" rel=\"noopener noreferrer\"> una gr\u00e0fica MINDMAP<\/a> del que fa cada dia: \u00e9s el seu pla de confinament, resulta que la sortida del migdia l&#8217;ha hagut de suspendre.. M\u00e9s endavant ens explicar\u00e0 com ha fet aquesta gr\u00e0fica o mapa conceptual. Ens anir\u00e0 molt b\u00e9 aprendre-ho.<\/p>\n<p>El <strong>Joel<\/strong>, confinat a les Can\u00e0ries, i com a bon ambientalista ens envia aquest v\u00eddeo esperan\u00e7ador pel nostre planeta.<\/p>\n<p><iframe loading=\"lazy\" src=\"\/\/www.youtube.com\/embed\/r0gIGvmMIpE\" width=\"560\" height=\"314\"><\/iframe> Gr\u00e0cies!!<\/p>\n<p>&nbsp;<\/p>\n","protected":false},"excerpt":{"rendered":"<p>Hola genis de 4t. Com esteu? Alguns i algunes ja s\u00e9 que esteu molt b\u00e9, aprenent d&#8217;una altra manera i compartint el temps amb qui m\u00e9s estimeu. En aquest article anir\u00e9 penjant els treballs que m&#8217;aneu enviant. Estic molt contenta de veure com feu anar&hellip;  <a href=\"https:\/\/agora.xtec.cat\/ceip-santjordi-lleida\/portada\/compartim-treballs-en-confinament\/\" title=\"Read Compartim treballs en confinament\">Llegeix m\u00e9s\u00bb<\/a><\/p>\n","protected":false},"author":10,"featured_media":27643,"comment_status":"open","ping_status":"closed","sticky":false,"template":"","format":"standard","meta":{"_bbp_topic_count":0,"_bbp_reply_count":0,"_bbp_total_topic_count":0,"_bbp_total_reply_count":0,"_bbp_voice_count":0,"_bbp_anonymous_reply_count":0,"_bbp_topic_count_hidden":0,"_bbp_reply_count_hidden":0,"_bbp_forum_subforum_count":0,"footnotes":""},"categories":[13,4,5],"tags":[379,447,438,446],"class_list":["post-27642","post","type-post","status-publish","format-standard","has-post-thumbnail","hentry","category-4t","category-portada","category-primaria","tag-aula","tag-compartim","tag-creacions","tag-joemquedoacasa"],"post_mailing_queue_ids":[],"_links":{"self":[{"href":"https:\/\/agora.xtec.cat\/ceip-santjordi-lleida\/wp-json\/wp\/v2\/posts\/27642","targetHints":{"allow":["GET"]}}],"collection":[{"href":"https:\/\/agora.xtec.cat\/ceip-santjordi-lleida\/wp-json\/wp\/v2\/posts"}],"about":[{"href":"https:\/\/agora.xtec.cat\/ceip-santjordi-lleida\/wp-json\/wp\/v2\/types\/post"}],"author":[{"embeddable":true,"href":"https:\/\/agora.xtec.cat\/ceip-santjordi-lleida\/wp-json\/wp\/v2\/users\/10"}],"replies":[{"embeddable":true,"href":"https:\/\/agora.xtec.cat\/ceip-santjordi-lleida\/wp-json\/wp\/v2\/comments?post=27642"}],"version-history":[{"count":3,"href":"https:\/\/agora.xtec.cat\/ceip-santjordi-lleida\/wp-json\/wp\/v2\/posts\/27642\/revisions"}],"predecessor-version":[{"id":27925,"href":"https:\/\/agora.xtec.cat\/ceip-santjordi-lleida\/wp-json\/wp\/v2\/posts\/27642\/revisions\/27925"}],"wp:featuredmedia":[{"embeddable":true,"href":"https:\/\/agora.xtec.cat\/ceip-santjordi-lleida\/wp-json\/wp\/v2\/media\/27643"}],"wp:attachment":[{"href":"https:\/\/agora.xtec.cat\/ceip-santjordi-lleida\/wp-json\/wp\/v2\/media?parent=27642"}],"wp:term":[{"taxonomy":"category","embeddable":true,"href":"https:\/\/agora.xtec.cat\/ceip-santjordi-lleida\/wp-json\/wp\/v2\/categories?post=27642"},{"taxonomy":"post_tag","embeddable":true,"href":"https:\/\/agora.xtec.cat\/ceip-santjordi-lleida\/wp-json\/wp\/v2\/tags?post=27642"}],"curies":[{"name":"wp","href":"https:\/\/api.w.org\/{rel}","templated":true}]}}