{"id":27613,"date":"2020-03-23T07:23:32","date_gmt":"2020-03-23T06:23:32","guid":{"rendered":"http:\/\/agora.xtec.cat\/ceip-santjordi-lleida\/?p=27613"},"modified":"2020-03-23T07:58:27","modified_gmt":"2020-03-23T06:58:27","slug":"musica-de-confinament-a-5e","status":"publish","type":"post","link":"https:\/\/agora.xtec.cat\/ceip-santjordi-lleida\/portada\/musica-de-confinament-a-5e\/","title":{"rendered":"M\u00daSICA DE CONFINAMENT A 5\u00c8"},"content":{"rendered":"<p>Bon dia gent de 5\u00e8!!! Com esteu???<\/p>\n<p>Suposo que molt distrets en pensar qu\u00e8 fer durant 24 h a casa oi???<\/p>\n<p>Us deixo uns quants v\u00eddeos per gaudir i fer m\u00fasica per\u00f2 abans&#8230; m&#8217;escolteu?<\/p>\n<p><iframe loading=\"lazy\" title=\"Garrotin coronavirus 5\u00e8\" width=\"500\" height=\"281\" src=\"https:\/\/www.youtube.com\/embed\/ITvmeX_hAC0?feature=oembed\" frameborder=\"0\" allow=\"accelerometer; autoplay; clipboard-write; encrypted-media; gyroscope; picture-in-picture; web-share\" referrerpolicy=\"strict-origin-when-cross-origin\" allowfullscreen><\/iframe><\/p>\n<p>PROPOSTES D&#8217;INICIS DE QUARTETES PERQU\u00c8 IMPROVISEU!!!<\/p>\n<table style=\"width: 640px;\" width=\"0\">\n<tbody>\n<tr>\n<td style=\"width: 195.917px;\">Tot cantant una can\u00e7\u00f3<\/p>\n<p>us explico un acudit &#8230;<\/td>\n<td style=\"width: 223.517px;\">Llet , patates, sal, mantega<\/p>\n<p>i ja tens un bon pur\u00e9<\/td>\n<td style=\"width: 210.567px;\">Jo ja estic atabalat<\/p>\n<p>ja no s\u00e9 qu\u00e8 m\u00e9s cantar&#8230;<\/td>\n<\/tr>\n<tr>\n<td style=\"width: 195.917px;\">Vaig anar a l\u2019Auditori<\/p>\n<p>a escoltar una bona orquestra.<\/td>\n<td style=\"width: 223.517px;\">Cada dia al demat\u00ed<\/p>\n<p>canta el gall: Quiquiriqu\u00ed!&#8230;<\/td>\n<td style=\"width: 210.567px;\">Cada dia al demat\u00ed, em desperto amb mal de cap &#8230;<\/td>\n<\/tr>\n<tr>\n<td style=\"width: 195.917px;\">Hola a tots i molt bon dia<\/p>\n<p>ara jo em vull presentar..<\/td>\n<td style=\"width: 223.517px;\">Macarrons, pa i hamburguesa tot aix\u00f2 \u00e9s el meu dinar &#8230;<\/td>\n<td style=\"width: 210.567px;\">Una cosa jo us dir\u00e9<\/p>\n<p>m\u2019ha sortit un constipat &#8230;<\/td>\n<\/tr>\n<tr>\n<td style=\"width: 195.917px;\">Aquest dissabte passat<\/p>\n<p>no em vaig moure pas de casa.<\/td>\n<td style=\"width: 223.517px;\">Ara jo us dir\u00e9 una cosa, la can\u00e7\u00f3 que m\u00e9s m\u2019agrada &#8230;<\/td>\n<td style=\"width: 210.567px;\">Cada dia a la tarda<\/p>\n<p>surto una estona al balc\u00f3&#8230;<\/td>\n<\/tr>\n<tr>\n<td style=\"width: 195.917px;\">Mates, llengua i naturals<\/p>\n<p>tot aix\u00f2 he d\u2019estudiar&#8230;<\/td>\n<td style=\"width: 223.517px;\">Les can\u00e7ons improvisades vergonya ens fan passar ..<\/td>\n<td style=\"width: 210.567px;\">Una cosa us he de dir<\/p>\n<p>vinga tots a improvisar&#8230;<\/td>\n<\/tr>\n<tr>\n<td style=\"width: 195.917px;\">He vist la teva cosina<\/p>\n<p>que jugava a futbol&#8230;<\/td>\n<td style=\"width: 223.517px;\">Garrotins, nyacres, corrandes<\/p>\n<p>jo no paro de cantar&#8230;<\/td>\n<td style=\"width: 210.567px;\">Jo vaig anar a no s\u00e9 on<\/p>\n<p>em vaig trobar no s\u00e9 qui..<\/td>\n<\/tr>\n<tr>\n<td style=\"width: 195.917px;\">Li vaig dir al teu cos\u00ed<\/p>\n<p>que em port\u00e9s un entrep\u00e0&#8230;<\/td>\n<td style=\"width: 223.517px;\">Molt em costa improvisar,<\/p>\n<p>i molt m\u2019hi he d\u2019esfor\u00e7ar&#8230;<\/td>\n<td style=\"width: 210.567px;\">Quatre amigues m\u2019he trobat<\/p>\n<p>I hem anat a berenar<\/td>\n<\/tr>\n<\/tbody>\n<\/table>\n<p>Les quartetes que heu acabat de crear, si voleu, tamb\u00e9 les podeu cantar amb la melodia de les nyacres per\u00f2&#8230; recordeu, cal repetir el 3r vers!!!<\/p>\n<p>Us recordo, amb aquest v\u00eddeo, la melodia de les nyacres:<\/p>\n<p><iframe loading=\"lazy\" title=\"Nyacres - Gemma Pla i Mireia Mena\" width=\"500\" height=\"281\" src=\"https:\/\/www.youtube.com\/embed\/AT1R2m_DBoE?feature=oembed\" frameborder=\"0\" allow=\"accelerometer; autoplay; clipboard-write; encrypted-media; gyroscope; picture-in-picture; web-share\" referrerpolicy=\"strict-origin-when-cross-origin\" allowfullscreen><\/iframe><\/p>\n<p>&nbsp;<\/p>\n<p>I el garrot\u00edn del tren que va massa lent!!!<\/p>\n<p><iframe loading=\"lazy\" title=\"Aquest tren va massa lent! (1 de 23) Garrotins\" width=\"500\" height=\"281\" src=\"https:\/\/www.youtube.com\/embed\/-r3J9PGEbrI?feature=oembed\" frameborder=\"0\" allow=\"accelerometer; autoplay; clipboard-write; encrypted-media; gyroscope; picture-in-picture; web-share\" referrerpolicy=\"strict-origin-when-cross-origin\" allowfullscreen><\/iframe><\/p>\n<p>&nbsp;<\/p>\n<p>&nbsp;<\/p>\n","protected":false},"excerpt":{"rendered":"<p>Bon dia gent de 5\u00e8!!! Com esteu???<br \/>\nSuposo que molt distrets en pensar qu\u00e8 fer durant 24 h a casa oi???<br \/>\nUs deixo uns quants v\u00eddeos per gaudir i fer m\u00fasica per\u00f2 abans&#8230; m&#8217;escolteu?<\/p>\n<p>PROPOSTES D&#8217;INICIS DE QUARTETES PERQU\u00c8 IMPROVISEU!!!<\/p>\n<p>Tot cantant una can\u00e7\u00f3<br \/>\nus explico un acudit &#8230;<br \/>\nLlet ,&hellip;  <a href=\"https:\/\/agora.xtec.cat\/ceip-santjordi-lleida\/portada\/musica-de-confinament-a-5e\/\" title=\"Read M\u00daSICA DE CONFINAMENT A 5\u00c8\">Llegeix m\u00e9s\u00bb<\/a><\/p>\n","protected":false},"author":5,"featured_media":27622,"comment_status":"open","ping_status":"closed","sticky":false,"template":"","format":"standard","meta":{"_bbp_topic_count":0,"_bbp_reply_count":0,"_bbp_total_topic_count":0,"_bbp_total_reply_count":0,"_bbp_voice_count":0,"_bbp_anonymous_reply_count":0,"_bbp_topic_count_hidden":0,"_bbp_reply_count_hidden":0,"_bbp_forum_subforum_count":0,"footnotes":""},"categories":[14,320,4,5],"tags":[348,446],"class_list":["post-27613","post","type-post","status-publish","format-standard","has-post-thumbnail","hentry","category-5e","category-musica","category-portada","category-primaria","tag-canco","tag-joemquedoacasa"],"post_mailing_queue_ids":[],"_links":{"self":[{"href":"https:\/\/agora.xtec.cat\/ceip-santjordi-lleida\/wp-json\/wp\/v2\/posts\/27613","targetHints":{"allow":["GET"]}}],"collection":[{"href":"https:\/\/agora.xtec.cat\/ceip-santjordi-lleida\/wp-json\/wp\/v2\/posts"}],"about":[{"href":"https:\/\/agora.xtec.cat\/ceip-santjordi-lleida\/wp-json\/wp\/v2\/types\/post"}],"author":[{"embeddable":true,"href":"https:\/\/agora.xtec.cat\/ceip-santjordi-lleida\/wp-json\/wp\/v2\/users\/5"}],"replies":[{"embeddable":true,"href":"https:\/\/agora.xtec.cat\/ceip-santjordi-lleida\/wp-json\/wp\/v2\/comments?post=27613"}],"version-history":[{"count":3,"href":"https:\/\/agora.xtec.cat\/ceip-santjordi-lleida\/wp-json\/wp\/v2\/posts\/27613\/revisions"}],"predecessor-version":[{"id":27637,"href":"https:\/\/agora.xtec.cat\/ceip-santjordi-lleida\/wp-json\/wp\/v2\/posts\/27613\/revisions\/27637"}],"wp:featuredmedia":[{"embeddable":true,"href":"https:\/\/agora.xtec.cat\/ceip-santjordi-lleida\/wp-json\/wp\/v2\/media\/27622"}],"wp:attachment":[{"href":"https:\/\/agora.xtec.cat\/ceip-santjordi-lleida\/wp-json\/wp\/v2\/media?parent=27613"}],"wp:term":[{"taxonomy":"category","embeddable":true,"href":"https:\/\/agora.xtec.cat\/ceip-santjordi-lleida\/wp-json\/wp\/v2\/categories?post=27613"},{"taxonomy":"post_tag","embeddable":true,"href":"https:\/\/agora.xtec.cat\/ceip-santjordi-lleida\/wp-json\/wp\/v2\/tags?post=27613"}],"curies":[{"name":"wp","href":"https:\/\/api.w.org\/{rel}","templated":true}]}}