{"id":27584,"date":"2020-03-17T14:07:24","date_gmt":"2020-03-17T13:07:24","guid":{"rendered":"http:\/\/agora.xtec.cat\/ceip-santjordi-lleida\/?p=27584"},"modified":"2020-03-17T14:10:57","modified_gmt":"2020-03-17T13:10:57","slug":"co-aprenem-dibuix","status":"publish","type":"post","link":"https:\/\/agora.xtec.cat\/ceip-santjordi-lleida\/portada\/co-aprenem-dibuix\/","title":{"rendered":"Co-aprenem\/dibuix"},"content":{"rendered":"<p><a href=\"https:\/\/photos.app.goo.gl\/rcgyFRrEy6z2syAX8\" target=\"_blank\" rel=\"noopener noreferrer\"><img loading=\"lazy\" decoding=\"async\" class=\"alignnone size-medium wp-image-27585\" src=\"https:\/\/agora.xtec.cat\/ceip-santjordi-lleida\/wp-content\/uploads\/usu1393\/2020\/03\/portada-2-225x300.jpg\" alt=\"\" width=\"225\" height=\"300\" srcset=\"https:\/\/agora.xtec.cat\/ceip-santjordi-lleida\/wp-content\/uploads\/usu1393\/2020\/03\/portada-2-225x300.jpg 225w, https:\/\/agora.xtec.cat\/ceip-santjordi-lleida\/wp-content\/uploads\/usu1393\/2020\/03\/portada-2.jpg 300w\" sizes=\"auto, (max-width: 225px) 100vw, 225px\" \/><\/a><\/p>\n<p>El dimarts 10 de mar\u00e7 vam fer la darrera sessi\u00f3 de la primera roda de l&#8217;activitat &#8220;Co-aprenem&#8221;; aquesta vegada dedicada a aprendre a dibuixar. L&#8217;Ariadna, la Queralt i el Jordi ens van ensenyar les seves estrat\u00e8gies i t\u00e8cniques de dibuix. Mireu els v\u00eddeos i les fotos i vosaltres mateixos podeu valorar aquesta activitat que tan agrada a la classe de 4t.<\/p>\n","protected":false},"excerpt":{"rendered":"<p><a href=\"https:\/\/photos.app.goo.gl\/rcgyFRrEy6z2syAX8\" target=\"_blank\" rel=\"noopener noreferrer\"><\/a><br \/>\nEl dimarts 10 de mar\u00e7 vam fer la darrera sessi\u00f3 de la primera roda de l&#8217;activitat &#8220;Co-aprenem&#8221;; aquesta vegada dedicada a aprendre a dibuixar. L&#8217;Ariadna, la Queralt i el Jordi ens van ensenyar les seves estrat\u00e8gies i t\u00e8cniques de dibuix. Mireu&hellip;  <a href=\"https:\/\/agora.xtec.cat\/ceip-santjordi-lleida\/portada\/co-aprenem-dibuix\/\" title=\"Read Co-aprenem\/dibuix\">Llegeix m\u00e9s\u00bb<\/a><\/p>\n","protected":false},"author":10,"featured_media":27585,"comment_status":"open","ping_status":"closed","sticky":false,"template":"","format":"standard","meta":{"_bbp_topic_count":0,"_bbp_reply_count":0,"_bbp_total_topic_count":0,"_bbp_total_reply_count":0,"_bbp_voice_count":0,"_bbp_anonymous_reply_count":0,"_bbp_topic_count_hidden":0,"_bbp_reply_count_hidden":0,"_bbp_forum_subforum_count":0,"footnotes":""},"categories":[13,4,5],"tags":[379,382,442],"class_list":["post-27584","post","type-post","status-publish","format-standard","has-post-thumbnail","hentry","category-4t","category-portada","category-primaria","tag-aula","tag-classe","tag-co-aprenem"],"post_mailing_queue_ids":[],"_links":{"self":[{"href":"https:\/\/agora.xtec.cat\/ceip-santjordi-lleida\/wp-json\/wp\/v2\/posts\/27584","targetHints":{"allow":["GET"]}}],"collection":[{"href":"https:\/\/agora.xtec.cat\/ceip-santjordi-lleida\/wp-json\/wp\/v2\/posts"}],"about":[{"href":"https:\/\/agora.xtec.cat\/ceip-santjordi-lleida\/wp-json\/wp\/v2\/types\/post"}],"author":[{"embeddable":true,"href":"https:\/\/agora.xtec.cat\/ceip-santjordi-lleida\/wp-json\/wp\/v2\/users\/10"}],"replies":[{"embeddable":true,"href":"https:\/\/agora.xtec.cat\/ceip-santjordi-lleida\/wp-json\/wp\/v2\/comments?post=27584"}],"version-history":[{"count":2,"href":"https:\/\/agora.xtec.cat\/ceip-santjordi-lleida\/wp-json\/wp\/v2\/posts\/27584\/revisions"}],"predecessor-version":[{"id":27587,"href":"https:\/\/agora.xtec.cat\/ceip-santjordi-lleida\/wp-json\/wp\/v2\/posts\/27584\/revisions\/27587"}],"wp:featuredmedia":[{"embeddable":true,"href":"https:\/\/agora.xtec.cat\/ceip-santjordi-lleida\/wp-json\/wp\/v2\/media\/27585"}],"wp:attachment":[{"href":"https:\/\/agora.xtec.cat\/ceip-santjordi-lleida\/wp-json\/wp\/v2\/media?parent=27584"}],"wp:term":[{"taxonomy":"category","embeddable":true,"href":"https:\/\/agora.xtec.cat\/ceip-santjordi-lleida\/wp-json\/wp\/v2\/categories?post=27584"},{"taxonomy":"post_tag","embeddable":true,"href":"https:\/\/agora.xtec.cat\/ceip-santjordi-lleida\/wp-json\/wp\/v2\/tags?post=27584"}],"curies":[{"name":"wp","href":"https:\/\/api.w.org\/{rel}","templated":true}]}}