{"id":27405,"date":"2020-02-14T12:36:05","date_gmt":"2020-02-14T11:36:05","guid":{"rendered":"http:\/\/agora.xtec.cat\/ceip-santjordi-lleida\/?p=27405"},"modified":"2020-02-14T12:36:05","modified_gmt":"2020-02-14T11:36:05","slug":"teatre-el-sopar-de-les-bruixes","status":"publish","type":"post","link":"https:\/\/agora.xtec.cat\/ceip-santjordi-lleida\/portada\/teatre-el-sopar-de-les-bruixes\/","title":{"rendered":"TEATRE: El sopar de les bruixes"},"content":{"rendered":"<p>A \u00faltima hora del mat\u00ed les dos \u00faltimes obres interpretades pels nens i nenes de l&#8217;escola, ara 1r i 2n.<\/p>\n<p>Us deixem de nou un recull de fotos i el v\u00eddeo de l&#8217;obra.<\/p>\n<p>Moltes felicitats a totes i a tots, sou uns petits grans artistes i actrius!!!<\/p>\n<p><em>Clica a la imatge per veure&#8217;n m\u00e9s.<\/em><\/p>\n<p><a href=\"https:\/\/photos.app.goo.gl\/zcwX3DKkB6gweH4J9\" target=\"_blank\" rel=\"noopener noreferrer\"><img loading=\"lazy\" decoding=\"async\" class=\"alignnone wp-image-27407 size-full\" src=\"https:\/\/agora.xtec.cat\/ceip-santjordi-lleida\/wp-content\/uploads\/usu1393\/2020\/02\/bruixes.jpg\" alt=\"\" width=\"648\" height=\"486\" srcset=\"https:\/\/agora.xtec.cat\/ceip-santjordi-lleida\/wp-content\/uploads\/usu1393\/2020\/02\/bruixes.jpg 648w, https:\/\/agora.xtec.cat\/ceip-santjordi-lleida\/wp-content\/uploads\/usu1393\/2020\/02\/bruixes-300x225.jpg 300w, https:\/\/agora.xtec.cat\/ceip-santjordi-lleida\/wp-content\/uploads\/usu1393\/2020\/02\/bruixes-200x150.jpg 200w\" sizes=\"auto, (max-width: 648px) 100vw, 648px\" \/><\/a><\/p>\n<p>La nostra obra:<\/p>\n<p><iframe loading=\"lazy\" title=\"El sopar de les bruixes (2n-2020)\" width=\"500\" height=\"281\" src=\"https:\/\/www.youtube.com\/embed\/SoYFUS6e1kc?feature=oembed\" frameborder=\"0\" allow=\"accelerometer; autoplay; clipboard-write; encrypted-media; gyroscope; picture-in-picture; web-share\" referrerpolicy=\"strict-origin-when-cross-origin\" allowfullscreen><\/iframe><\/p>\n<p>&nbsp;<\/p>\n<p>&nbsp;<\/p>\n<p>&nbsp;<\/p>\n","protected":false},"excerpt":{"rendered":"<p>A \u00faltima hora del mat\u00ed les dos \u00faltimes obres interpretades pels nens i nenes de l&#8217;escola, ara 1r i 2n.<br \/>\nUs deixem de nou un recull de fotos i el v\u00eddeo de l&#8217;obra.<br \/>\nMoltes felicitats a totes i a tots, sou uns petits grans artistes i actrius!!!<br \/>\nClica&hellip;  <a href=\"https:\/\/agora.xtec.cat\/ceip-santjordi-lleida\/portada\/teatre-el-sopar-de-les-bruixes\/\" title=\"Read TEATRE: El sopar de les bruixes\">Llegeix m\u00e9s\u00bb<\/a><\/p>\n","protected":false},"author":5,"featured_media":27407,"comment_status":"open","ping_status":"closed","sticky":false,"template":"","format":"standard","meta":{"_bbp_topic_count":0,"_bbp_reply_count":0,"_bbp_total_topic_count":0,"_bbp_total_reply_count":0,"_bbp_voice_count":0,"_bbp_anonymous_reply_count":0,"_bbp_topic_count_hidden":0,"_bbp_reply_count_hidden":0,"_bbp_forum_subforum_count":0,"footnotes":""},"categories":[11,321,4,5],"tags":[383],"class_list":["post-27405","post","type-post","status-publish","format-standard","has-post-thumbnail","hentry","category-2n","category-festes","category-portada","category-primaria","tag-teatre"],"post_mailing_queue_ids":[],"_links":{"self":[{"href":"https:\/\/agora.xtec.cat\/ceip-santjordi-lleida\/wp-json\/wp\/v2\/posts\/27405","targetHints":{"allow":["GET"]}}],"collection":[{"href":"https:\/\/agora.xtec.cat\/ceip-santjordi-lleida\/wp-json\/wp\/v2\/posts"}],"about":[{"href":"https:\/\/agora.xtec.cat\/ceip-santjordi-lleida\/wp-json\/wp\/v2\/types\/post"}],"author":[{"embeddable":true,"href":"https:\/\/agora.xtec.cat\/ceip-santjordi-lleida\/wp-json\/wp\/v2\/users\/5"}],"replies":[{"embeddable":true,"href":"https:\/\/agora.xtec.cat\/ceip-santjordi-lleida\/wp-json\/wp\/v2\/comments?post=27405"}],"version-history":[{"count":1,"href":"https:\/\/agora.xtec.cat\/ceip-santjordi-lleida\/wp-json\/wp\/v2\/posts\/27405\/revisions"}],"predecessor-version":[{"id":27408,"href":"https:\/\/agora.xtec.cat\/ceip-santjordi-lleida\/wp-json\/wp\/v2\/posts\/27405\/revisions\/27408"}],"wp:featuredmedia":[{"embeddable":true,"href":"https:\/\/agora.xtec.cat\/ceip-santjordi-lleida\/wp-json\/wp\/v2\/media\/27407"}],"wp:attachment":[{"href":"https:\/\/agora.xtec.cat\/ceip-santjordi-lleida\/wp-json\/wp\/v2\/media?parent=27405"}],"wp:term":[{"taxonomy":"category","embeddable":true,"href":"https:\/\/agora.xtec.cat\/ceip-santjordi-lleida\/wp-json\/wp\/v2\/categories?post=27405"},{"taxonomy":"post_tag","embeddable":true,"href":"https:\/\/agora.xtec.cat\/ceip-santjordi-lleida\/wp-json\/wp\/v2\/tags?post=27405"}],"curies":[{"name":"wp","href":"https:\/\/api.w.org\/{rel}","templated":true}]}}