{"id":27398,"date":"2020-02-14T11:34:33","date_gmt":"2020-02-14T10:34:33","guid":{"rendered":"http:\/\/agora.xtec.cat\/ceip-santjordi-lleida\/?p=27398"},"modified":"2020-02-14T11:35:31","modified_gmt":"2020-02-14T10:35:31","slug":"teatre-terratremol-p4-2020","status":"publish","type":"post","link":"https:\/\/agora.xtec.cat\/ceip-santjordi-lleida\/infantil\/teatre-terratremol-p4-2020\/","title":{"rendered":"TEATRE: Terratr\u00e8mol (P4-2020)"},"content":{"rendered":"<p>I seguim amb les nostres actuacions. A mig mat\u00ed ha estat el torn dels nens i nenes de P4 i de 6\u00e8.<\/p>\n<p>Continuem sense paraules, no volem condicionar.<\/p>\n<p><em>Cliqueu sobre la imatge per veure&#8217;n m\u00e9s.<\/em><\/p>\n<p><a href=\"https:\/\/photos.app.goo.gl\/D4Hpv49n8gfPDJr87\" target=\"_blank\" rel=\"noopener noreferrer\"><img loading=\"lazy\" decoding=\"async\" class=\"alignnone wp-image-27399 size-full\" src=\"https:\/\/agora.xtec.cat\/ceip-santjordi-lleida\/wp-content\/uploads\/usu1393\/2020\/02\/terretromol.jpg\" alt=\"\" width=\"640\" height=\"480\" srcset=\"https:\/\/agora.xtec.cat\/ceip-santjordi-lleida\/wp-content\/uploads\/usu1393\/2020\/02\/terretromol.jpg 640w, https:\/\/agora.xtec.cat\/ceip-santjordi-lleida\/wp-content\/uploads\/usu1393\/2020\/02\/terretromol-300x225.jpg 300w, https:\/\/agora.xtec.cat\/ceip-santjordi-lleida\/wp-content\/uploads\/usu1393\/2020\/02\/terretromol-200x150.jpg 200w\" sizes=\"auto, (max-width: 640px) 100vw, 640px\" \/><\/a><\/p>\n<p>El nostre v\u00eddeo:<\/p>\n<p><iframe loading=\"lazy\" title=\"terratremol\" width=\"500\" height=\"281\" src=\"https:\/\/www.youtube.com\/embed\/KqFxe5e_AFY?feature=oembed\" frameborder=\"0\" allow=\"accelerometer; autoplay; clipboard-write; encrypted-media; gyroscope; picture-in-picture; web-share\" referrerpolicy=\"strict-origin-when-cross-origin\" allowfullscreen><\/iframe><\/p>\n<p>&nbsp;<\/p>\n","protected":false},"excerpt":{"rendered":"<p>I seguim amb les nostres actuacions. A mig mat\u00ed ha estat el torn dels nens i nenes de P4 i de 6\u00e8.<br \/>\nContinuem sense paraules, no volem condicionar.<br \/>\nCliqueu sobre la imatge per veure&#8217;n m\u00e9s.<br \/>\n<a href=\"https:\/\/photos.app.goo.gl\/D4Hpv49n8gfPDJr87\" target=\"_blank\" rel=\"noopener noreferrer\"><\/a><br \/>\nEl nostre v\u00eddeo:<\/p>\n<p>&nbsp;<\/p>\n","protected":false},"author":5,"featured_media":27399,"comment_status":"open","ping_status":"closed","sticky":false,"template":"","format":"standard","meta":{"_bbp_topic_count":0,"_bbp_reply_count":0,"_bbp_total_topic_count":0,"_bbp_total_reply_count":0,"_bbp_voice_count":0,"_bbp_anonymous_reply_count":0,"_bbp_topic_count_hidden":0,"_bbp_reply_count_hidden":0,"_bbp_forum_subforum_count":0,"footnotes":""},"categories":[8,321,2,4],"tags":[383],"class_list":["post-27398","post","type-post","status-publish","format-standard","has-post-thumbnail","hentry","category-groga","category-festes","category-infantil","category-portada","tag-teatre"],"post_mailing_queue_ids":[],"_links":{"self":[{"href":"https:\/\/agora.xtec.cat\/ceip-santjordi-lleida\/wp-json\/wp\/v2\/posts\/27398","targetHints":{"allow":["GET"]}}],"collection":[{"href":"https:\/\/agora.xtec.cat\/ceip-santjordi-lleida\/wp-json\/wp\/v2\/posts"}],"about":[{"href":"https:\/\/agora.xtec.cat\/ceip-santjordi-lleida\/wp-json\/wp\/v2\/types\/post"}],"author":[{"embeddable":true,"href":"https:\/\/agora.xtec.cat\/ceip-santjordi-lleida\/wp-json\/wp\/v2\/users\/5"}],"replies":[{"embeddable":true,"href":"https:\/\/agora.xtec.cat\/ceip-santjordi-lleida\/wp-json\/wp\/v2\/comments?post=27398"}],"version-history":[{"count":2,"href":"https:\/\/agora.xtec.cat\/ceip-santjordi-lleida\/wp-json\/wp\/v2\/posts\/27398\/revisions"}],"predecessor-version":[{"id":27401,"href":"https:\/\/agora.xtec.cat\/ceip-santjordi-lleida\/wp-json\/wp\/v2\/posts\/27398\/revisions\/27401"}],"wp:featuredmedia":[{"embeddable":true,"href":"https:\/\/agora.xtec.cat\/ceip-santjordi-lleida\/wp-json\/wp\/v2\/media\/27399"}],"wp:attachment":[{"href":"https:\/\/agora.xtec.cat\/ceip-santjordi-lleida\/wp-json\/wp\/v2\/media?parent=27398"}],"wp:term":[{"taxonomy":"category","embeddable":true,"href":"https:\/\/agora.xtec.cat\/ceip-santjordi-lleida\/wp-json\/wp\/v2\/categories?post=27398"},{"taxonomy":"post_tag","embeddable":true,"href":"https:\/\/agora.xtec.cat\/ceip-santjordi-lleida\/wp-json\/wp\/v2\/tags?post=27398"}],"curies":[{"name":"wp","href":"https:\/\/api.w.org\/{rel}","templated":true}]}}