{"id":27372,"date":"2020-02-12T22:25:05","date_gmt":"2020-02-12T21:25:05","guid":{"rendered":"http:\/\/agora.xtec.cat\/ceip-santjordi-lleida\/?p=27372"},"modified":"2020-02-12T22:25:05","modified_gmt":"2020-02-12T21:25:05","slug":"ritme-amb-semicorxeres","status":"publish","type":"post","link":"https:\/\/agora.xtec.cat\/ceip-santjordi-lleida\/portada\/ritme-amb-semicorxeres\/","title":{"rendered":"Ritme amb semicorxeres"},"content":{"rendered":"<p>Enguany el subjecte r\u00edtmic estelar s\u00f3n les semicorxeres en el grup de tercer.<\/p>\n<p>Aquest \u00e9s un exercici de precisi\u00f3 r\u00edtmica, conscienciaci\u00f3 de pulsaci\u00f3, dissociaci\u00f3 i execuci\u00f3.<\/p>\n<p>El resultat aquest:<\/p>\n<p><iframe loading=\"lazy\" title=\"activitat cercles semicorxeres 3r\" width=\"500\" height=\"281\" src=\"https:\/\/www.youtube.com\/embed\/09J_-_nNPoQ?feature=oembed\" frameborder=\"0\" allow=\"accelerometer; autoplay; clipboard-write; encrypted-media; gyroscope; picture-in-picture; web-share\" referrerpolicy=\"strict-origin-when-cross-origin\" allowfullscreen><\/iframe><\/p>\n","protected":false},"excerpt":{"rendered":"<p>Enguany el subjecte r\u00edtmic estelar s\u00f3n les semicorxeres en el grup de tercer.<br \/>\nAquest \u00e9s un exercici de precisi\u00f3 r\u00edtmica, conscienciaci\u00f3 de pulsaci\u00f3, dissociaci\u00f3 i execuci\u00f3.<br \/>\nEl resultat aquest:<\/p>\n","protected":false},"author":5,"featured_media":27373,"comment_status":"open","ping_status":"closed","sticky":false,"template":"","format":"standard","meta":{"_bbp_topic_count":0,"_bbp_reply_count":0,"_bbp_total_topic_count":0,"_bbp_total_reply_count":0,"_bbp_voice_count":0,"_bbp_anonymous_reply_count":0,"_bbp_topic_count_hidden":0,"_bbp_reply_count_hidden":0,"_bbp_forum_subforum_count":0,"footnotes":""},"categories":[12,320,4,5],"tags":[444],"class_list":["post-27372","post","type-post","status-publish","format-standard","has-post-thumbnail","hentry","category-3r","category-musica","category-portada","category-primaria","tag-ritm"],"post_mailing_queue_ids":[],"_links":{"self":[{"href":"https:\/\/agora.xtec.cat\/ceip-santjordi-lleida\/wp-json\/wp\/v2\/posts\/27372","targetHints":{"allow":["GET"]}}],"collection":[{"href":"https:\/\/agora.xtec.cat\/ceip-santjordi-lleida\/wp-json\/wp\/v2\/posts"}],"about":[{"href":"https:\/\/agora.xtec.cat\/ceip-santjordi-lleida\/wp-json\/wp\/v2\/types\/post"}],"author":[{"embeddable":true,"href":"https:\/\/agora.xtec.cat\/ceip-santjordi-lleida\/wp-json\/wp\/v2\/users\/5"}],"replies":[{"embeddable":true,"href":"https:\/\/agora.xtec.cat\/ceip-santjordi-lleida\/wp-json\/wp\/v2\/comments?post=27372"}],"version-history":[{"count":1,"href":"https:\/\/agora.xtec.cat\/ceip-santjordi-lleida\/wp-json\/wp\/v2\/posts\/27372\/revisions"}],"predecessor-version":[{"id":27374,"href":"https:\/\/agora.xtec.cat\/ceip-santjordi-lleida\/wp-json\/wp\/v2\/posts\/27372\/revisions\/27374"}],"wp:featuredmedia":[{"embeddable":true,"href":"https:\/\/agora.xtec.cat\/ceip-santjordi-lleida\/wp-json\/wp\/v2\/media\/27373"}],"wp:attachment":[{"href":"https:\/\/agora.xtec.cat\/ceip-santjordi-lleida\/wp-json\/wp\/v2\/media?parent=27372"}],"wp:term":[{"taxonomy":"category","embeddable":true,"href":"https:\/\/agora.xtec.cat\/ceip-santjordi-lleida\/wp-json\/wp\/v2\/categories?post=27372"},{"taxonomy":"post_tag","embeddable":true,"href":"https:\/\/agora.xtec.cat\/ceip-santjordi-lleida\/wp-json\/wp\/v2\/tags?post=27372"}],"curies":[{"name":"wp","href":"https:\/\/api.w.org\/{rel}","templated":true}]}}