{"id":27290,"date":"2020-01-20T18:05:14","date_gmt":"2020-01-20T17:05:14","guid":{"rendered":"http:\/\/agora.xtec.cat\/ceip-santjordi-lleida\/?p=27290"},"modified":"2020-01-20T18:05:14","modified_gmt":"2020-01-20T17:05:14","slug":"lescriptora-laura-bernis-entre-nosaltres","status":"publish","type":"post","link":"https:\/\/agora.xtec.cat\/ceip-santjordi-lleida\/portada\/lescriptora-laura-bernis-entre-nosaltres\/","title":{"rendered":"L&#8217;escriptora Laura Bernis entre nosaltres"},"content":{"rendered":"<p>El passat divendres 17 de gener les nenes i els nens de quart vam tenir el privilegi de passar la tarda amb la Laura Bernis. La Laura \u00e9s l&#8217;escriptora i il\u00b7lustradora dels llibres: &#8221; Les hist\u00f2ries de Labepra&#8221;, &#8220;Les hist\u00f2ries de Labepra i l&#8217;Espasa Negra&#8221;, &#8220;Capit\u00e0 47&#8221; i &#8220;El Misteri de la Biblioteca&#8221;.<\/p>\n<p>La Laura \u00e9s molt jove i el seu primer llibre el va escriure als 12 anys. Ens va explicar moltes coses el seu ofici com a periodista i escriptora i sobre el proc\u00e9s de creaci\u00f3 dels seus llibres. Li vam fer un munt de preguntes i volem preparar un escrit sobre la seva biografia que potser publicarem a la revista &#8220;Tiral\u00ednies&#8221;.<\/p>\n<p>Tot plegat va ser possible gr\u00e0cies a l&#8217;ILC que\u00a0 va aceptar la petici\u00f3 que es va fer des de la Biblioteca de Lletres a les Aules. Moltes gr\u00e0ciesde donar-nos l&#8217;oportunitat de tenir contacte directe amb una escriptora i il\u00b7lustradora!<\/p>\n<p>Va ser una tarda molt especial i a alguns de nosaltres ens agradaria poder escriure algun llibres, o si m\u00e9s no, fer de periodistes.<\/p>\n<p><a href=\"https:\/\/photos.app.goo.gl\/hGp649GyFNwgez9v6\" target=\"_blank\" rel=\"noopener noreferrer\"><img loading=\"lazy\" decoding=\"async\" class=\"alignnone size-medium wp-image-27291\" src=\"https:\/\/agora.xtec.cat\/ceip-santjordi-lleida\/wp-content\/uploads\/usu1393\/2020\/01\/portada-1-300x225.jpg\" alt=\"\" width=\"300\" height=\"225\" srcset=\"https:\/\/agora.xtec.cat\/ceip-santjordi-lleida\/wp-content\/uploads\/usu1393\/2020\/01\/portada-1-300x225.jpg 300w, https:\/\/agora.xtec.cat\/ceip-santjordi-lleida\/wp-content\/uploads\/usu1393\/2020\/01\/portada-1-200x150.jpg 200w, https:\/\/agora.xtec.cat\/ceip-santjordi-lleida\/wp-content\/uploads\/usu1393\/2020\/01\/portada-1.jpg 520w\" sizes=\"auto, (max-width: 300px) 100vw, 300px\" \/><\/a><a href=\"https:\/\/photos.app.goo.gl\/hGp649GyFNwgez9v6\" target=\"_blank\" rel=\"noopener noreferrer\">Fotos de l&#8217;estona<\/a><\/p>\n","protected":false},"excerpt":{"rendered":"<p>El passat divendres 17 de gener les nenes i els nens de quart vam tenir el privilegi de passar la tarda amb la Laura Bernis. La Laura \u00e9s l&#8217;escriptora i il\u00b7lustradora dels llibres: &#8221; Les hist\u00f2ries de Labepra&#8221;, &#8220;Les hist\u00f2ries de Labepra i l&#8217;Espasa Negra&#8221;,&hellip;  <a href=\"https:\/\/agora.xtec.cat\/ceip-santjordi-lleida\/portada\/lescriptora-laura-bernis-entre-nosaltres\/\" title=\"Read L&#8217;escriptora Laura Bernis entre nosaltres\">Llegeix m\u00e9s\u00bb<\/a><\/p>\n","protected":false},"author":10,"featured_media":27291,"comment_status":"open","ping_status":"closed","sticky":false,"template":"","format":"standard","meta":{"_bbp_topic_count":0,"_bbp_reply_count":0,"_bbp_total_topic_count":0,"_bbp_total_reply_count":0,"_bbp_voice_count":0,"_bbp_anonymous_reply_count":0,"_bbp_topic_count_hidden":0,"_bbp_reply_count_hidden":0,"_bbp_forum_subforum_count":0,"footnotes":""},"categories":[13,333,4,5],"tags":[351,443],"class_list":["post-27290","post","type-post","status-publish","format-standard","has-post-thumbnail","hentry","category-4t","category-biblioteca","category-portada","category-primaria","tag-biblioteca","tag-lletres-a-les-aules"],"post_mailing_queue_ids":[],"_links":{"self":[{"href":"https:\/\/agora.xtec.cat\/ceip-santjordi-lleida\/wp-json\/wp\/v2\/posts\/27290","targetHints":{"allow":["GET"]}}],"collection":[{"href":"https:\/\/agora.xtec.cat\/ceip-santjordi-lleida\/wp-json\/wp\/v2\/posts"}],"about":[{"href":"https:\/\/agora.xtec.cat\/ceip-santjordi-lleida\/wp-json\/wp\/v2\/types\/post"}],"author":[{"embeddable":true,"href":"https:\/\/agora.xtec.cat\/ceip-santjordi-lleida\/wp-json\/wp\/v2\/users\/10"}],"replies":[{"embeddable":true,"href":"https:\/\/agora.xtec.cat\/ceip-santjordi-lleida\/wp-json\/wp\/v2\/comments?post=27290"}],"version-history":[{"count":1,"href":"https:\/\/agora.xtec.cat\/ceip-santjordi-lleida\/wp-json\/wp\/v2\/posts\/27290\/revisions"}],"predecessor-version":[{"id":27292,"href":"https:\/\/agora.xtec.cat\/ceip-santjordi-lleida\/wp-json\/wp\/v2\/posts\/27290\/revisions\/27292"}],"wp:featuredmedia":[{"embeddable":true,"href":"https:\/\/agora.xtec.cat\/ceip-santjordi-lleida\/wp-json\/wp\/v2\/media\/27291"}],"wp:attachment":[{"href":"https:\/\/agora.xtec.cat\/ceip-santjordi-lleida\/wp-json\/wp\/v2\/media?parent=27290"}],"wp:term":[{"taxonomy":"category","embeddable":true,"href":"https:\/\/agora.xtec.cat\/ceip-santjordi-lleida\/wp-json\/wp\/v2\/categories?post=27290"},{"taxonomy":"post_tag","embeddable":true,"href":"https:\/\/agora.xtec.cat\/ceip-santjordi-lleida\/wp-json\/wp\/v2\/tags?post=27290"}],"curies":[{"name":"wp","href":"https:\/\/api.w.org\/{rel}","templated":true}]}}