{"id":27204,"date":"2019-12-13T15:58:07","date_gmt":"2019-12-13T14:58:07","guid":{"rendered":"http:\/\/agora.xtec.cat\/ceip-santjordi-lleida\/?p=27204"},"modified":"2019-12-13T15:58:34","modified_gmt":"2019-12-13T14:58:34","slug":"alumnes-de-linstitut-ens-han-vingut-a-explicar-un-conte","status":"publish","type":"post","link":"https:\/\/agora.xtec.cat\/ceip-santjordi-lleida\/general\/alumnes-de-linstitut-ens-han-vingut-a-explicar-un-conte\/","title":{"rendered":"ALUMNES DE L&#8217;INSTITUT ENS HAN VINGUT A EXPLICAR UN CONTE"},"content":{"rendered":"<p>Aquest mat\u00ed hem tingut una estona de lectura una mica diferent.<\/p>\n<p>Alguns alumnes de 4t d&#8217;ESO de l&#8217;Institut Manel de Montsuar han vingut al parvulari a explicar-nos dues hist\u00f2ries: EL LLE\u00d3 I EL RATOL\u00cd, i SOM AQU\u00cd (notes per viure al planeta Terra).<\/p>\n<p>Moltes gr\u00e0cies per la vostra participaci\u00f3, us esperem el segon trimestre!<\/p>\n<p><a href=\"https:\/\/photos.app.goo.gl\/2Ufmw3REd3tUEyD98\"><img loading=\"lazy\" decoding=\"async\" class=\"size-medium wp-image-27205\" src=\"https:\/\/agora.xtec.cat\/ceip-santjordi-lleida\/wp-content\/uploads\/usu1393\/2019\/12\/P1010431PETITA-300x225.jpg\" alt=\"\" width=\"300\" height=\"225\" \/><\/a><\/p>\n","protected":false},"excerpt":{"rendered":"<p>Aquest mat\u00ed hem tingut una estona de lectura una mica diferent.<br \/>\nAlguns alumnes de 4t d&#8217;ESO de l&#8217;Institut Manel de Montsuar han vingut al parvulari a explicar-nos dues hist\u00f2ries: EL LLE\u00d3 I EL RATOL\u00cd, i SOM AQU\u00cd (notes per viure al planeta Terra).<br \/>\nMoltes gr\u00e0cies per la&hellip;  <a href=\"https:\/\/agora.xtec.cat\/ceip-santjordi-lleida\/general\/alumnes-de-linstitut-ens-han-vingut-a-explicar-un-conte\/\" title=\"Read ALUMNES DE L&#8217;INSTITUT ENS HAN VINGUT A EXPLICAR UN CONTE\">Llegeix m\u00e9s\u00bb<\/a><\/p>\n","protected":false},"author":10,"featured_media":27205,"comment_status":"open","ping_status":"closed","sticky":false,"template":"","format":"standard","meta":{"_bbp_topic_count":0,"_bbp_reply_count":0,"_bbp_total_topic_count":0,"_bbp_total_reply_count":0,"_bbp_voice_count":0,"_bbp_anonymous_reply_count":0,"_bbp_topic_count_hidden":0,"_bbp_reply_count_hidden":0,"_bbp_forum_subforum_count":0,"footnotes":""},"categories":[333,1,2,4],"tags":[],"class_list":["post-27204","post","type-post","status-publish","format-standard","has-post-thumbnail","hentry","category-biblioteca","category-general","category-infantil","category-portada"],"post_mailing_queue_ids":[],"_links":{"self":[{"href":"https:\/\/agora.xtec.cat\/ceip-santjordi-lleida\/wp-json\/wp\/v2\/posts\/27204","targetHints":{"allow":["GET"]}}],"collection":[{"href":"https:\/\/agora.xtec.cat\/ceip-santjordi-lleida\/wp-json\/wp\/v2\/posts"}],"about":[{"href":"https:\/\/agora.xtec.cat\/ceip-santjordi-lleida\/wp-json\/wp\/v2\/types\/post"}],"author":[{"embeddable":true,"href":"https:\/\/agora.xtec.cat\/ceip-santjordi-lleida\/wp-json\/wp\/v2\/users\/10"}],"replies":[{"embeddable":true,"href":"https:\/\/agora.xtec.cat\/ceip-santjordi-lleida\/wp-json\/wp\/v2\/comments?post=27204"}],"version-history":[{"count":1,"href":"https:\/\/agora.xtec.cat\/ceip-santjordi-lleida\/wp-json\/wp\/v2\/posts\/27204\/revisions"}],"predecessor-version":[{"id":27206,"href":"https:\/\/agora.xtec.cat\/ceip-santjordi-lleida\/wp-json\/wp\/v2\/posts\/27204\/revisions\/27206"}],"wp:featuredmedia":[{"embeddable":true,"href":"https:\/\/agora.xtec.cat\/ceip-santjordi-lleida\/wp-json\/wp\/v2\/media\/27205"}],"wp:attachment":[{"href":"https:\/\/agora.xtec.cat\/ceip-santjordi-lleida\/wp-json\/wp\/v2\/media?parent=27204"}],"wp:term":[{"taxonomy":"category","embeddable":true,"href":"https:\/\/agora.xtec.cat\/ceip-santjordi-lleida\/wp-json\/wp\/v2\/categories?post=27204"},{"taxonomy":"post_tag","embeddable":true,"href":"https:\/\/agora.xtec.cat\/ceip-santjordi-lleida\/wp-json\/wp\/v2\/tags?post=27204"}],"curies":[{"name":"wp","href":"https:\/\/api.w.org\/{rel}","templated":true}]}}