{"id":26981,"date":"2019-11-20T15:29:23","date_gmt":"2019-11-20T14:29:23","guid":{"rendered":"http:\/\/agora.xtec.cat\/ceip-santjordi-lleida\/?p=26981"},"modified":"2019-11-20T15:29:23","modified_gmt":"2019-11-20T14:29:23","slug":"taller-de-cos-i-dramatitzacio-6","status":"publish","type":"post","link":"https:\/\/agora.xtec.cat\/ceip-santjordi-lleida\/portada\/taller-de-cos-i-dramatitzacio-6\/","title":{"rendered":"TALLER DE COS I DRAMATITZACI\u00d3"},"content":{"rendered":"<p>Aquesta setmana hem acabat les tres primeres sessions de tallers art\u00edstics amb els nens i nenes del CI, l&#8217;\u00faltima roda.<\/p>\n<p>Partint de la r\u00e8plica de la masterclass que vam rebre a l\u2019inici de curs, hem fet un treball d\u2019interpretaci\u00f3 i creaci\u00f3. D\u2019aquestes tres sessions us deixem dues activitats en format audiovisual.<\/p>\n<p><strong>RODA DE MOVIMENTS:<\/strong>\u00a0vam partir de les nostres aficions per crear un moviment que calia encadenar-lo amb els de la resta de companys i companyes. Sabeu a quin \u201chobby\u201d fa refer\u00e8ncia cada moviment d\u2019aquests infants???<\/p>\n<p><iframe loading=\"lazy\" title=\"20191119 154806\" width=\"500\" height=\"281\" src=\"https:\/\/www.youtube.com\/embed\/o6Yu1hexFzE?feature=oembed\" frameborder=\"0\" allow=\"accelerometer; autoplay; clipboard-write; encrypted-media; gyroscope; picture-in-picture; web-share\" referrerpolicy=\"strict-origin-when-cross-origin\" allowfullscreen><\/iframe><\/p>\n<p>A M\u00c9S A M\u00c9S&#8230; una interpretaci\u00f3 amb elements sobre sentiments. Sabeu quin sentiment estem interpretant cada grup?<\/p>\n<p><iframe loading=\"lazy\" title=\"20191119 162230\" width=\"500\" height=\"281\" src=\"https:\/\/www.youtube.com\/embed\/e5ePLKROhXg?feature=oembed\" frameborder=\"0\" allow=\"accelerometer; autoplay; clipboard-write; encrypted-media; gyroscope; picture-in-picture; web-share\" referrerpolicy=\"strict-origin-when-cross-origin\" allowfullscreen><\/iframe><\/p>\n<p><iframe loading=\"lazy\" title=\"20191119 162637\" width=\"500\" height=\"281\" src=\"https:\/\/www.youtube.com\/embed\/k7UhbVRWj3k?feature=oembed\" frameborder=\"0\" allow=\"accelerometer; autoplay; clipboard-write; encrypted-media; gyroscope; picture-in-picture; web-share\" referrerpolicy=\"strict-origin-when-cross-origin\" allowfullscreen><\/iframe><\/p>\n<p><iframe loading=\"lazy\" title=\"20191119 161412\" width=\"500\" height=\"281\" src=\"https:\/\/www.youtube.com\/embed\/i7Cm_Kt9pb8?feature=oembed\" frameborder=\"0\" allow=\"accelerometer; autoplay; clipboard-write; encrypted-media; gyroscope; picture-in-picture; web-share\" referrerpolicy=\"strict-origin-when-cross-origin\" allowfullscreen><\/iframe><\/p>\n<p>&nbsp;<\/p>\n<p>&nbsp;<\/p>\n","protected":false},"excerpt":{"rendered":"<p>Aquesta setmana hem acabat les tres primeres sessions de tallers art\u00edstics amb els nens i nenes del CI, l&#8217;\u00faltima roda.<br \/>\nPartint de la r\u00e8plica de la masterclass que vam rebre a l\u2019inici de curs, hem fet un treball d\u2019interpretaci\u00f3 i creaci\u00f3. D\u2019aquestes tres sessions us deixem&hellip;  <a href=\"https:\/\/agora.xtec.cat\/ceip-santjordi-lleida\/portada\/taller-de-cos-i-dramatitzacio-6\/\" title=\"Read TALLER DE COS I DRAMATITZACI\u00d3\">Llegeix m\u00e9s\u00bb<\/a><\/p>\n","protected":false},"author":5,"featured_media":26982,"comment_status":"open","ping_status":"closed","sticky":false,"template":"","format":"standard","meta":{"_bbp_topic_count":0,"_bbp_reply_count":0,"_bbp_total_topic_count":0,"_bbp_total_reply_count":0,"_bbp_voice_count":0,"_bbp_anonymous_reply_count":0,"_bbp_topic_count_hidden":0,"_bbp_reply_count_hidden":0,"_bbp_forum_subforum_count":0,"footnotes":""},"categories":[10,11,4,5],"tags":[327],"class_list":["post-26981","post","type-post","status-publish","format-standard","has-post-thumbnail","hentry","category-1r","category-2n","category-portada","category-primaria","tag-tallers-artistics"],"post_mailing_queue_ids":[],"_links":{"self":[{"href":"https:\/\/agora.xtec.cat\/ceip-santjordi-lleida\/wp-json\/wp\/v2\/posts\/26981","targetHints":{"allow":["GET"]}}],"collection":[{"href":"https:\/\/agora.xtec.cat\/ceip-santjordi-lleida\/wp-json\/wp\/v2\/posts"}],"about":[{"href":"https:\/\/agora.xtec.cat\/ceip-santjordi-lleida\/wp-json\/wp\/v2\/types\/post"}],"author":[{"embeddable":true,"href":"https:\/\/agora.xtec.cat\/ceip-santjordi-lleida\/wp-json\/wp\/v2\/users\/5"}],"replies":[{"embeddable":true,"href":"https:\/\/agora.xtec.cat\/ceip-santjordi-lleida\/wp-json\/wp\/v2\/comments?post=26981"}],"version-history":[{"count":1,"href":"https:\/\/agora.xtec.cat\/ceip-santjordi-lleida\/wp-json\/wp\/v2\/posts\/26981\/revisions"}],"predecessor-version":[{"id":26983,"href":"https:\/\/agora.xtec.cat\/ceip-santjordi-lleida\/wp-json\/wp\/v2\/posts\/26981\/revisions\/26983"}],"wp:featuredmedia":[{"embeddable":true,"href":"https:\/\/agora.xtec.cat\/ceip-santjordi-lleida\/wp-json\/wp\/v2\/media\/26982"}],"wp:attachment":[{"href":"https:\/\/agora.xtec.cat\/ceip-santjordi-lleida\/wp-json\/wp\/v2\/media?parent=26981"}],"wp:term":[{"taxonomy":"category","embeddable":true,"href":"https:\/\/agora.xtec.cat\/ceip-santjordi-lleida\/wp-json\/wp\/v2\/categories?post=26981"},{"taxonomy":"post_tag","embeddable":true,"href":"https:\/\/agora.xtec.cat\/ceip-santjordi-lleida\/wp-json\/wp\/v2\/tags?post=26981"}],"curies":[{"name":"wp","href":"https:\/\/api.w.org\/{rel}","templated":true}]}}