{"id":26977,"date":"2019-11-20T11:38:52","date_gmt":"2019-11-20T10:38:52","guid":{"rendered":"http:\/\/agora.xtec.cat\/ceip-santjordi-lleida\/?p=26977"},"modified":"2019-11-20T11:38:52","modified_gmt":"2019-11-20T10:38:52","slug":"setmana-musical-collaboracio-ins-montsuar","status":"publish","type":"post","link":"https:\/\/agora.xtec.cat\/ceip-santjordi-lleida\/portada\/setmana-musical-collaboracio-ins-montsuar\/","title":{"rendered":"Setmana musical: col\u00b7laboraci\u00f3 INS Montsuar"},"content":{"rendered":"<p>Avui amb els nens i nenes de 1r i 5\u00e8 hem fet una cosa ben especial per celebrar la setmana musical. D&#8217;una banda hem pogut gaudir de la interpretaci\u00f3 musical de tres noies de l&#8217;institut, l&#8217;\u00c0urea, la Carla i l&#8217;Alba, que han vingut a l&#8217;aula de m\u00fasica a mostrar-nos els instruments que toquen: la flauta travessera, el piano i la veu. Amb aquests tres instruments ens han interpretat dues can\u00e7ons.<\/p>\n<p>Moltes gr\u00e0cies per venir i regalar-nos l&#8217;estona que ens heu regalat.<\/p>\n<p><em>Clica a la imatge per veure&#8217;n m\u00e9s.<\/em><\/p>\n<p><em><a href=\"https:\/\/photos.app.goo.gl\/PV7ekZYDddTEC1DHA\" target=\"_blank\" rel=\"noopener noreferrer\"><img loading=\"lazy\" decoding=\"async\" class=\"alignnone wp-image-26978 size-full\" src=\"https:\/\/agora.xtec.cat\/ceip-santjordi-lleida\/wp-content\/uploads\/usu1393\/2019\/11\/ins_musics_2019.jpg\" alt=\"\" width=\"648\" height=\"486\" srcset=\"https:\/\/agora.xtec.cat\/ceip-santjordi-lleida\/wp-content\/uploads\/usu1393\/2019\/11\/ins_musics_2019.jpg 648w, https:\/\/agora.xtec.cat\/ceip-santjordi-lleida\/wp-content\/uploads\/usu1393\/2019\/11\/ins_musics_2019-300x225.jpg 300w, https:\/\/agora.xtec.cat\/ceip-santjordi-lleida\/wp-content\/uploads\/usu1393\/2019\/11\/ins_musics_2019-200x150.jpg 200w\" sizes=\"auto, (max-width: 648px) 100vw, 648px\" \/><\/a><\/em><\/p>\n<p>Tamb\u00e9 us deixem un parell de fragments de les can\u00e7ons que han cantat.<\/p>\n<p><iframe loading=\"lazy\" title=\"00063\" width=\"500\" height=\"281\" src=\"https:\/\/www.youtube.com\/embed\/nakbtvHnTw0?feature=oembed\" frameborder=\"0\" allow=\"accelerometer; autoplay; clipboard-write; encrypted-media; gyroscope; picture-in-picture; web-share\" referrerpolicy=\"strict-origin-when-cross-origin\" allowfullscreen><\/iframe><\/p>\n<p><iframe loading=\"lazy\" title=\"00064\" width=\"500\" height=\"281\" src=\"https:\/\/www.youtube.com\/embed\/6-MpXCvcxYM?feature=oembed\" frameborder=\"0\" allow=\"accelerometer; autoplay; clipboard-write; encrypted-media; gyroscope; picture-in-picture; web-share\" referrerpolicy=\"strict-origin-when-cross-origin\" allowfullscreen><\/iframe><\/p>\n<p>&nbsp;<\/p>\n<p>&nbsp;<\/p>\n","protected":false},"excerpt":{"rendered":"<p>Avui amb els nens i nenes de 1r i 5\u00e8 hem fet una cosa ben especial per celebrar la setmana musical. D&#8217;una banda hem pogut gaudir de la interpretaci\u00f3 musical de tres noies de l&#8217;institut, l&#8217;\u00c0urea, la Carla i l&#8217;Alba, que han vingut a l&#8217;aula&hellip;  <a href=\"https:\/\/agora.xtec.cat\/ceip-santjordi-lleida\/portada\/setmana-musical-collaboracio-ins-montsuar\/\" title=\"Read Setmana musical: col\u00b7laboraci\u00f3 INS Montsuar\">Llegeix m\u00e9s\u00bb<\/a><\/p>\n","protected":false},"author":5,"featured_media":26978,"comment_status":"open","ping_status":"closed","sticky":false,"template":"","format":"standard","meta":{"_bbp_topic_count":0,"_bbp_reply_count":0,"_bbp_total_topic_count":0,"_bbp_total_reply_count":0,"_bbp_voice_count":0,"_bbp_anonymous_reply_count":0,"_bbp_topic_count_hidden":0,"_bbp_reply_count_hidden":0,"_bbp_forum_subforum_count":0,"footnotes":""},"categories":[10,14,320,4,5],"tags":[350],"class_list":["post-26977","post","type-post","status-publish","format-standard","has-post-thumbnail","hentry","category-1r","category-5e","category-musica","category-portada","category-primaria","tag-audicio"],"post_mailing_queue_ids":[],"_links":{"self":[{"href":"https:\/\/agora.xtec.cat\/ceip-santjordi-lleida\/wp-json\/wp\/v2\/posts\/26977","targetHints":{"allow":["GET"]}}],"collection":[{"href":"https:\/\/agora.xtec.cat\/ceip-santjordi-lleida\/wp-json\/wp\/v2\/posts"}],"about":[{"href":"https:\/\/agora.xtec.cat\/ceip-santjordi-lleida\/wp-json\/wp\/v2\/types\/post"}],"author":[{"embeddable":true,"href":"https:\/\/agora.xtec.cat\/ceip-santjordi-lleida\/wp-json\/wp\/v2\/users\/5"}],"replies":[{"embeddable":true,"href":"https:\/\/agora.xtec.cat\/ceip-santjordi-lleida\/wp-json\/wp\/v2\/comments?post=26977"}],"version-history":[{"count":1,"href":"https:\/\/agora.xtec.cat\/ceip-santjordi-lleida\/wp-json\/wp\/v2\/posts\/26977\/revisions"}],"predecessor-version":[{"id":26979,"href":"https:\/\/agora.xtec.cat\/ceip-santjordi-lleida\/wp-json\/wp\/v2\/posts\/26977\/revisions\/26979"}],"wp:featuredmedia":[{"embeddable":true,"href":"https:\/\/agora.xtec.cat\/ceip-santjordi-lleida\/wp-json\/wp\/v2\/media\/26978"}],"wp:attachment":[{"href":"https:\/\/agora.xtec.cat\/ceip-santjordi-lleida\/wp-json\/wp\/v2\/media?parent=26977"}],"wp:term":[{"taxonomy":"category","embeddable":true,"href":"https:\/\/agora.xtec.cat\/ceip-santjordi-lleida\/wp-json\/wp\/v2\/categories?post=26977"},{"taxonomy":"post_tag","embeddable":true,"href":"https:\/\/agora.xtec.cat\/ceip-santjordi-lleida\/wp-json\/wp\/v2\/tags?post=26977"}],"curies":[{"name":"wp","href":"https:\/\/api.w.org\/{rel}","templated":true}]}}