{"id":26842,"date":"2019-10-30T15:12:24","date_gmt":"2019-10-30T14:12:24","guid":{"rendered":"http:\/\/agora.xtec.cat\/ceip-santjordi-lleida\/?p=26842"},"modified":"2019-12-22T09:03:46","modified_gmt":"2019-12-22T08:03:46","slug":"festa-de-la-tardor-2019","status":"publish","type":"post","link":"https:\/\/agora.xtec.cat\/ceip-santjordi-lleida\/infantil\/festa-de-la-tardor-2019\/","title":{"rendered":"FESTA DE LA TARDOR 2019"},"content":{"rendered":"<p>Avui, a l&#8217;escola, estem celebrant la festa de la tardor.<\/p>\n<p>Enguany hem comen\u00e7at la festa a mig mat\u00ed ballant un cicle de danses d&#8217;Israel i acabant amb una dansa conjunta del nostre Pa\u00eds: el Rogle.<\/p>\n<p>A la tarda continua la festa per\u00f2 de moment us deixem amb el v\u00eddeo de la nostra interpretaci\u00f3.<\/p>\n<p>. P3, P4 i P5:\u00a0 Samoth<\/p>\n<p>. Inicial:\u00a0 Hora Chadera<\/p>\n<p>. Mitj\u00e0:\u00a0 Tzadik Katamar<\/p>\n<p>. Superior: Klezmer<\/p>\n<p>. TOTHOM: El rogle<\/p>\n<p><iframe loading=\"lazy\" title=\"Festa de la tardor danses Israelites 2019\" width=\"500\" height=\"281\" src=\"https:\/\/www.youtube.com\/embed\/9r7grxpLi2I?feature=oembed\" frameborder=\"0\" allow=\"accelerometer; autoplay; clipboard-write; encrypted-media; gyroscope; picture-in-picture; web-share\" referrerpolicy=\"strict-origin-when-cross-origin\" allowfullscreen><\/iframe><\/p>\n<p><iframe loading=\"lazy\" title=\"20191030 115255\" width=\"500\" height=\"281\" src=\"https:\/\/www.youtube.com\/embed\/X_Lbn93_2bM?feature=oembed\" frameborder=\"0\" allow=\"accelerometer; autoplay; clipboard-write; encrypted-media; gyroscope; picture-in-picture; web-share\" referrerpolicy=\"strict-origin-when-cross-origin\" allowfullscreen><\/iframe><\/p>\n<p>&nbsp;<\/p>\n<p><em>Clica sobra la imatge per veure&#8217;n m\u00e9s.<\/em><\/p>\n<p><a href=\"https:\/\/photos.app.goo.gl\/eZiGSXW9aJMpdb5h7\" target=\"_blank\" rel=\"noopener noreferrer\"><img loading=\"lazy\" decoding=\"async\" class=\"wp-image-26846 size-full\" src=\"https:\/\/agora.xtec.cat\/ceip-santjordi-lleida\/wp-content\/uploads\/usu1393\/2019\/10\/danses_tardor_2019.jpg\" alt=\"\" width=\"400\" height=\"300\" srcset=\"https:\/\/agora.xtec.cat\/ceip-santjordi-lleida\/wp-content\/uploads\/usu1393\/2019\/10\/danses_tardor_2019.jpg 400w, https:\/\/agora.xtec.cat\/ceip-santjordi-lleida\/wp-content\/uploads\/usu1393\/2019\/10\/danses_tardor_2019-300x225.jpg 300w, https:\/\/agora.xtec.cat\/ceip-santjordi-lleida\/wp-content\/uploads\/usu1393\/2019\/10\/danses_tardor_2019-200x150.jpg 200w\" sizes=\"auto, (max-width: 400px) 100vw, 400px\" \/><\/a><\/p>\n<p>A la tarda, despr\u00e9s d&#8217;una petita sorpresa que l&#8217;equip docent i no docent hem preparat per a tot l&#8217;alumnat, hem degustat els menjars que amb tanta il\u00b7lusi\u00f3 hem fet durant aquesta setmana i despr\u00e9s hem cantat i ballat amb la m\u00fasica que els nens i nenes de CS ens han portat.<\/p>\n<p><em>Clica sobra la imatge per veure&#8217;n m\u00e9s.<\/em><\/p>\n<p><a href=\"https:\/\/photos.app.goo.gl\/wr67pDFjfAQEgsXb6\" target=\"_blank\" rel=\"noopener noreferrer\"><img loading=\"lazy\" decoding=\"async\" class=\"alignnone wp-image-26847 size-large\" src=\"https:\/\/agora.xtec.cat\/ceip-santjordi-lleida\/wp-content\/uploads\/usu1393\/2019\/10\/menjar_tardor_2019-1024x768.jpg\" alt=\"\" width=\"1024\" height=\"768\" srcset=\"https:\/\/agora.xtec.cat\/ceip-santjordi-lleida\/wp-content\/uploads\/usu1393\/2019\/10\/menjar_tardor_2019-1024x768.jpg 1024w, https:\/\/agora.xtec.cat\/ceip-santjordi-lleida\/wp-content\/uploads\/usu1393\/2019\/10\/menjar_tardor_2019-300x225.jpg 300w, https:\/\/agora.xtec.cat\/ceip-santjordi-lleida\/wp-content\/uploads\/usu1393\/2019\/10\/menjar_tardor_2019-768x576.jpg 768w, https:\/\/agora.xtec.cat\/ceip-santjordi-lleida\/wp-content\/uploads\/usu1393\/2019\/10\/menjar_tardor_2019-200x150.jpg 200w, https:\/\/agora.xtec.cat\/ceip-santjordi-lleida\/wp-content\/uploads\/usu1393\/2019\/10\/menjar_tardor_2019.jpg 1296w\" sizes=\"auto, (max-width: 1024px) 100vw, 1024px\" \/><\/a><\/p>\n<p>LA SORPRESA:<\/p>\n<p><iframe loading=\"lazy\" title=\"dansa mestres tardor 2019\" width=\"500\" height=\"281\" src=\"https:\/\/www.youtube.com\/embed\/n1S-t4TihXY?feature=oembed\" frameborder=\"0\" allow=\"accelerometer; autoplay; clipboard-write; encrypted-media; gyroscope; picture-in-picture; web-share\" referrerpolicy=\"strict-origin-when-cross-origin\" allowfullscreen><\/iframe><\/p>\n<p>&nbsp;<\/p>\n","protected":false},"excerpt":{"rendered":"<p>Avui, a l&#8217;escola, estem celebrant la festa de la tardor.<br \/>\nEnguany hem comen\u00e7at la festa a mig mat\u00ed ballant un cicle de danses d&#8217;Israel i acabant amb una dansa conjunta del nostre Pa\u00eds: el Rogle.<br \/>\nA la tarda continua la festa per\u00f2 de moment us deixem amb&hellip;  <a href=\"https:\/\/agora.xtec.cat\/ceip-santjordi-lleida\/infantil\/festa-de-la-tardor-2019\/\" title=\"Read FESTA DE LA TARDOR 2019\">Llegeix m\u00e9s\u00bb<\/a><\/p>\n","protected":false},"author":5,"featured_media":26847,"comment_status":"open","ping_status":"closed","sticky":false,"template":"","format":"standard","meta":{"_bbp_topic_count":0,"_bbp_reply_count":0,"_bbp_total_topic_count":0,"_bbp_total_reply_count":0,"_bbp_voice_count":0,"_bbp_anonymous_reply_count":0,"_bbp_topic_count_hidden":0,"_bbp_reply_count_hidden":0,"_bbp_forum_subforum_count":0,"footnotes":""},"categories":[10,11,12,13,14,15,3,8,9,321,2,320,4,5],"tags":[360],"class_list":["post-26842","post","type-post","status-publish","format-standard","has-post-thumbnail","hentry","category-1r","category-2n","category-3r","category-4t","category-5e","category-6e","category-blava","category-groga","category-verda","category-festes","category-infantil","category-musica","category-portada","category-primaria","tag-festa-de-tardor"],"post_mailing_queue_ids":[],"_links":{"self":[{"href":"https:\/\/agora.xtec.cat\/ceip-santjordi-lleida\/wp-json\/wp\/v2\/posts\/26842","targetHints":{"allow":["GET"]}}],"collection":[{"href":"https:\/\/agora.xtec.cat\/ceip-santjordi-lleida\/wp-json\/wp\/v2\/posts"}],"about":[{"href":"https:\/\/agora.xtec.cat\/ceip-santjordi-lleida\/wp-json\/wp\/v2\/types\/post"}],"author":[{"embeddable":true,"href":"https:\/\/agora.xtec.cat\/ceip-santjordi-lleida\/wp-json\/wp\/v2\/users\/5"}],"replies":[{"embeddable":true,"href":"https:\/\/agora.xtec.cat\/ceip-santjordi-lleida\/wp-json\/wp\/v2\/comments?post=26842"}],"version-history":[{"count":3,"href":"https:\/\/agora.xtec.cat\/ceip-santjordi-lleida\/wp-json\/wp\/v2\/posts\/26842\/revisions"}],"predecessor-version":[{"id":26857,"href":"https:\/\/agora.xtec.cat\/ceip-santjordi-lleida\/wp-json\/wp\/v2\/posts\/26842\/revisions\/26857"}],"wp:featuredmedia":[{"embeddable":true,"href":"https:\/\/agora.xtec.cat\/ceip-santjordi-lleida\/wp-json\/wp\/v2\/media\/26847"}],"wp:attachment":[{"href":"https:\/\/agora.xtec.cat\/ceip-santjordi-lleida\/wp-json\/wp\/v2\/media?parent=26842"}],"wp:term":[{"taxonomy":"category","embeddable":true,"href":"https:\/\/agora.xtec.cat\/ceip-santjordi-lleida\/wp-json\/wp\/v2\/categories?post=26842"},{"taxonomy":"post_tag","embeddable":true,"href":"https:\/\/agora.xtec.cat\/ceip-santjordi-lleida\/wp-json\/wp\/v2\/tags?post=26842"}],"curies":[{"name":"wp","href":"https:\/\/api.w.org\/{rel}","templated":true}]}}