{"id":26836,"date":"2019-10-25T16:26:50","date_gmt":"2019-10-25T14:26:50","guid":{"rendered":"http:\/\/agora.xtec.cat\/ceip-santjordi-lleida\/?p=26836"},"modified":"2019-10-27T19:51:29","modified_gmt":"2019-10-27T18:51:29","slug":"activitats-al-cda-alt-bergueda","status":"publish","type":"post","link":"https:\/\/agora.xtec.cat\/ceip-santjordi-lleida\/portada\/activitats-al-cda-alt-bergueda\/","title":{"rendered":"ACTIVITATS AL CdA ALT BERGUED\u00c0"},"content":{"rendered":"<p><img loading=\"lazy\" decoding=\"async\" class=\"alignnone size-medium wp-image-26840\" src=\"https:\/\/agora.xtec.cat\/ceip-santjordi-lleida\/wp-content\/uploads\/usu1393\/2019\/10\/DSC08077-300x225.jpg\" alt=\"\" width=\"300\" height=\"225\" srcset=\"https:\/\/agora.xtec.cat\/ceip-santjordi-lleida\/wp-content\/uploads\/usu1393\/2019\/10\/DSC08077-300x225.jpg 300w, https:\/\/agora.xtec.cat\/ceip-santjordi-lleida\/wp-content\/uploads\/usu1393\/2019\/10\/DSC08077-200x150.jpg 200w, https:\/\/agora.xtec.cat\/ceip-santjordi-lleida\/wp-content\/uploads\/usu1393\/2019\/10\/DSC08077.jpg 456w\" sizes=\"auto, (max-width: 300px) 100vw, 300px\" \/><\/p>\n<p>Ja fa dies que hem tornat de col\u00f2nies, i a classe de llengua hem fet un treball per grups per explicar en qu\u00e8 van consistir les activitats que vam realitzar al CdC Alt Bergued\u00e0 i qu\u00e8 vam aprendre. Aqu\u00ed us deixem els nostres escrits.<\/p>\n<p><strong>COVA\u00a0 DE LA TUTA<\/strong><\/p>\n<p>A la cova de la Tuta vam\u00a0 entrar amb casc per seguretat i llanterna (o frontal). La cova es un forat que est\u00e0 a la muntanya. Vam veure: f\u00f2ssils, animals, estalactites i estalagmites ,roques calc\u00e0ries,&#8230;<\/p>\n<p>Vam estar una estoneta en silenci i vam sentir i veure: fred, humitat, gotes, foscor&#8230;<\/p>\n<p>Abans la cova s&#8217;utilitzava per refugiar el ramat, i com que feia fred feien foc dins la cova , per aix\u00f2 un tros de sostre estava negre.<\/p>\n<p>Hi havia \u201ctres sales\u201d amb un diferent nivell cada una.<\/p>\n<p>El Pep i el Roger ens van fer de guies.<\/p>\n<p>I quan vam acabar d\u2019investigar la cova de la Tuta, per el cam\u00ed ens vam trobar als de tercer.<\/p>\n<p><strong>J\u00falia Carla, Dani i D\u00eddac Ch<\/strong><\/p>\n<p><strong>LES FONTS DEL LLOBREGAT<\/strong><\/p>\n<p>A les Fonts del Llobregat vam veure unes cascades de totes les mides , des de petites fins a \u00a0grans, que sortien dels forats de les roques calc\u00e0ries. Aquesta aigua s\u2019acumula als aq\u00fc\u00edfers de dins de les muntanyes.<\/p>\n<p>Hi havia molt\u00edssima vegetaci\u00f3 i un pont pel que pod\u00edem passar per no caure al llit del riu. Des d\u2019un lloc \u00a0les persones podien observar les fonts que \u00e9s on neix el riu. Hi havien roques molt erosionades per la for\u00e7a de l\u2019aigua que sortia de les fonts.<\/p>\n<p>Sent\u00edem molta frescor i olor a humit, hi havia\u00a0 molt soroll de l\u2019aigua i vam tastar l\u2019aigua, que estava bastant b\u00e9 i fresqueta.<\/p>\n<p>Ens van\u00a0 explicar la llegenda de la cova de la Tuta i les fonts del Llobregat d\u2019un rei i una reina que es van casar. Van fer una festa per celebrar-ho i \u00a0van tindre una filla que volien que fos la m\u00e9s guapa. Al cap d\u2019un temps es va morir el rei, i la reina per a que la seva filla fos la mes guapa , va posar a totes les nenes de la ciutat a un forat que s\u00f3n les coves de la Tuta. Les nenes van plorar tant que diuen que les ll\u00e0grimes de les nenes son les gotes que surten per les Fonts del Llobregat.<\/p>\n<p><strong>Laia, Ariadna, Mariona i Roger Camarasa<\/strong><\/p>\n<p><strong>Estudi del riu<\/strong><\/p>\n<p>A la Pobla de Lillet\u00a0 vam estudiar el riu Llobregat i els seus arbres fent un treball de camp.<\/p>\n<p>Al riu vam mesurar l\u2019amplada i feia uns 7 m. A\u00a0 un costat de fond\u00e0ria \u00a0feia 12cm, a l\u2019altre \u00a06cm , i\u00a0 al mig 26.cm. Hi havia poc cabal.<\/p>\n<p>La temperatura de l\u2019aigua era de 11 graus.<\/p>\n<p>Tamb\u00e9 vam pescar macro\u00a0 invertebrats.<\/p>\n<p>Vam fer un treball sobre els arbres de la vora del riu\u00a0 que consistia en identificar-los amb pistes de fotos de les fulles. La majoria de arbres eren de ribera\u00a0 .<\/p>\n<p><strong>Jan, Jordi, Guerau i Daniel<\/strong><\/p>\n<p><strong>TREBALL DE LABORATORI<\/strong><\/p>\n<p>El dijous a la tarda vam fer un treball de laboratori que consistia en mirar els macro invertebrats amb lupes de m\u00e0.<\/p>\n<p>Despr\u00e9s els vam observar amb lupes binoculars.<\/p>\n<p>Els vam identificar i vam trobar: perla 1, perla 2, perla 3, ef\u00edmera 1 i 2,ef\u00edmera 5,efimera 7, frig\u00e0nia 1,frigania2, sim\u00falid, t\u00e0vec, \u00e0car, cuc de sang verd, sangonera ,cuc de sang vermell i oligoquet.<\/p>\n<p>Despr\u00e9s vam mirar els seus \u00edndex biol\u00f2gics (s\u00f3n uns n\u00fameros que ens indiquen si el macroinvertebrat necessita aigua m\u00e9s o menys\u00a0 neta per viure). Vam sumar tots el \u00edndex biol\u00f2gics i ens va donar 98. Com que casi \u00e9s 100 , el Pep ens va explicar que indicava que l\u2019aigua estava neta. Vam arribar a la conclusi\u00f3 que li pod\u00edem dir a la Lilit que les truites de riu s\u00ed que\u00a0 podrien viure a aquest tros del riu Llobregat.<\/p>\n<p><strong>Fran, D\u00eddac B, Queralt i Paula<\/strong><\/p>\n<p><strong>El BOSC<\/strong><\/p>\n<p>El divendres dia 4 d\u2019octubre vam fer un joc d\u2019orientaci\u00f3 per el bosc de La Sala.<\/p>\n<p>Hi havia 15 punts que ten\u00edem que trobar, amb l\u00b4ajuda d\u00b4una br\u00faixola i un GPS.<\/p>\n<p>Alguns grups comen\u00e7aven des del punt 15 i altres des del punt 1,al fer aix\u00f2 ens trob\u00e0vem de cara i alguns grups s\u00b4ajuntaven uns amb altres .<\/p>\n<p>Les \u201cparades\u201d es tractaven d\u2019identificar arbres i rastres d\u2019animals, explicar perqu\u00e8 passaven alguns fen\u00f2mens, trobar algun f\u00f2ssil, etc&#8230;<\/p>\n<p>Al principi era tot pujada per\u00f2 al final era baixada i \u00a0pod\u00edem descansar.\u00a0Sort que ning\u00fa es va perdre gr\u00e0cies a que els professors ens vigilaven.<\/p>\n<p>Despr\u00e9s de fer l\u2019activitat vam mirar el recorregut que hav\u00edem fet en el GPS a una pantalla digital.<\/p>\n<p>Ens ha agradat un munt!!!\u00a0 \u00a0 \u00a0 \u00a0 \u00a0 \u00a0 \u00a0 \u00a0\u00a0Vam acabar molt cansats.<\/p>\n<p><strong>Nil,Biel,Marc B i Roger A<\/strong><\/p>\n<p><strong>Temps lliure i nits<\/strong><\/p>\n<p>Al temps lliure hi havia \u00a0gent que feia: cabanyes amb pals i pedres, jugar a ping pong, futbol i jocs pel mig del bosc,.. El \u00a0joc que ens vam inventar de les cabanyes es diu\u00a0 camper que consistia en agafar un pal llarg i intentar tocar a l\u2019adversari.<\/p>\n<p>La primera nit \u00a0\u00a0\u00a0alguns \u00a0es van inventar tonteries de por per fer patir la gent, com per exemple que hi havia un assass\u00ed amb un navalla su\u00efssa&#8230;<\/p>\n<p>Despr\u00e9s vam anar per un\u00a0 cam\u00ed i el Gerard ens\u00a0 va llegir un conte al\u00a0 mig del bosc sobre l\u2019orquestra del bosc..<\/p>\n<p>A la segona nit vam fer disco i moltes presentacions i el Pol va ser el presentador<strong>. La nit va ser molt divertida per\u00f2 una mica cansada<\/strong><\/p>\n<p><strong>Pol, Llovet,Cuesta, Joel i Sergi<\/strong><\/p>\n<p>&nbsp;<\/p>\n","protected":false},"excerpt":{"rendered":"<p>Ja fa dies que hem tornat de col\u00f2nies, i a classe de llengua hem fet un treball per grups per explicar en qu\u00e8 van consistir les activitats que vam realitzar al CdC Alt Bergued\u00e0 i qu\u00e8 vam aprendre. Aqu\u00ed us deixem els nostres escrits.<br \/>\nCOVA\u00a0 DE&hellip;  <a href=\"https:\/\/agora.xtec.cat\/ceip-santjordi-lleida\/portada\/activitats-al-cda-alt-bergueda\/\" title=\"Read ACTIVITATS AL CdA ALT BERGUED\u00c0\">Llegeix m\u00e9s\u00bb<\/a><\/p>\n","protected":false},"author":10,"featured_media":26840,"comment_status":"open","ping_status":"closed","sticky":false,"template":"","format":"standard","meta":{"_bbp_topic_count":0,"_bbp_reply_count":0,"_bbp_total_topic_count":0,"_bbp_total_reply_count":0,"_bbp_voice_count":0,"_bbp_anonymous_reply_count":0,"_bbp_topic_count_hidden":0,"_bbp_reply_count_hidden":0,"_bbp_forum_subforum_count":0,"footnotes":""},"categories":[13,4,5,326],"tags":[430,369],"class_list":["post-26836","post","type-post","status-publish","format-standard","has-post-thumbnail","hentry","category-4t","category-portada","category-primaria","category-sortides","tag-colonies","tag-taller-de-llengua"],"post_mailing_queue_ids":[],"_links":{"self":[{"href":"https:\/\/agora.xtec.cat\/ceip-santjordi-lleida\/wp-json\/wp\/v2\/posts\/26836","targetHints":{"allow":["GET"]}}],"collection":[{"href":"https:\/\/agora.xtec.cat\/ceip-santjordi-lleida\/wp-json\/wp\/v2\/posts"}],"about":[{"href":"https:\/\/agora.xtec.cat\/ceip-santjordi-lleida\/wp-json\/wp\/v2\/types\/post"}],"author":[{"embeddable":true,"href":"https:\/\/agora.xtec.cat\/ceip-santjordi-lleida\/wp-json\/wp\/v2\/users\/10"}],"replies":[{"embeddable":true,"href":"https:\/\/agora.xtec.cat\/ceip-santjordi-lleida\/wp-json\/wp\/v2\/comments?post=26836"}],"version-history":[{"count":3,"href":"https:\/\/agora.xtec.cat\/ceip-santjordi-lleida\/wp-json\/wp\/v2\/posts\/26836\/revisions"}],"predecessor-version":[{"id":26841,"href":"https:\/\/agora.xtec.cat\/ceip-santjordi-lleida\/wp-json\/wp\/v2\/posts\/26836\/revisions\/26841"}],"wp:featuredmedia":[{"embeddable":true,"href":"https:\/\/agora.xtec.cat\/ceip-santjordi-lleida\/wp-json\/wp\/v2\/media\/26840"}],"wp:attachment":[{"href":"https:\/\/agora.xtec.cat\/ceip-santjordi-lleida\/wp-json\/wp\/v2\/media?parent=26836"}],"wp:term":[{"taxonomy":"category","embeddable":true,"href":"https:\/\/agora.xtec.cat\/ceip-santjordi-lleida\/wp-json\/wp\/v2\/categories?post=26836"},{"taxonomy":"post_tag","embeddable":true,"href":"https:\/\/agora.xtec.cat\/ceip-santjordi-lleida\/wp-json\/wp\/v2\/tags?post=26836"}],"curies":[{"name":"wp","href":"https:\/\/api.w.org\/{rel}","templated":true}]}}