{"id":26800,"date":"2019-10-14T13:37:05","date_gmt":"2019-10-14T11:37:05","guid":{"rendered":"http:\/\/agora.xtec.cat\/ceip-santjordi-lleida\/?p=26800"},"modified":"2019-10-14T13:37:05","modified_gmt":"2019-10-14T11:37:05","slug":"canco-magrada-anar-de-colonies","status":"publish","type":"post","link":"https:\/\/agora.xtec.cat\/ceip-santjordi-lleida\/portada\/canco-magrada-anar-de-colonies\/","title":{"rendered":"CAN\u00c7\u00d3: M&#8217;agrada anar de col\u00f2nies"},"content":{"rendered":"<p>Els dies previs a anar de col\u00f2nies vam aprendre aquesta can\u00e7\u00f3, ja que la bruixa Lili ens la va enviar. \u00e9s una can\u00e7\u00f3 escrita en dos compasoss diferents: binari i ternari&#8230;<\/p>\n<p>A les estones de m\u00fasica hem fet un treball de dissociaci\u00f3, de comp\u00e0s, r\u00edtmic&#8230; a part d&#8217;aprendre&#8217;n un fragment de la lletra. El resultat \u00e9s aquest:<\/p>\n<p><iframe loading=\"lazy\" title=\"magrada anar colonies 3r a\" width=\"500\" height=\"281\" src=\"https:\/\/www.youtube.com\/embed\/LtIc1vTzccw?feature=oembed\" frameborder=\"0\" allow=\"accelerometer; autoplay; clipboard-write; encrypted-media; gyroscope; picture-in-picture; web-share\" referrerpolicy=\"strict-origin-when-cross-origin\" allowfullscreen><\/iframe><\/p>\n<p><iframe loading=\"lazy\" title=\"magrada anar colonies 3r b\" width=\"500\" height=\"281\" src=\"https:\/\/www.youtube.com\/embed\/_4R7s0SyN-Q?feature=oembed\" frameborder=\"0\" allow=\"accelerometer; autoplay; clipboard-write; encrypted-media; gyroscope; picture-in-picture; web-share\" referrerpolicy=\"strict-origin-when-cross-origin\" allowfullscreen><\/iframe><\/p>\n<p>&nbsp;<\/p>\n","protected":false},"excerpt":{"rendered":"<p>Els dies previs a anar de col\u00f2nies vam aprendre aquesta can\u00e7\u00f3, ja que la bruixa Lili ens la va enviar. \u00e9s una can\u00e7\u00f3 escrita en dos compasoss diferents: binari i ternari&#8230;<br \/>\nA les estones de m\u00fasica hem fet un treball de dissociaci\u00f3, de comp\u00e0s, r\u00edtmic&#8230; a&hellip;  <a href=\"https:\/\/agora.xtec.cat\/ceip-santjordi-lleida\/portada\/canco-magrada-anar-de-colonies\/\" title=\"Read CAN\u00c7\u00d3: M&#8217;agrada anar de col\u00f2nies\">Llegeix m\u00e9s\u00bb<\/a><\/p>\n","protected":false},"author":5,"featured_media":26801,"comment_status":"open","ping_status":"closed","sticky":false,"template":"","format":"standard","meta":{"_bbp_topic_count":0,"_bbp_reply_count":0,"_bbp_total_topic_count":0,"_bbp_total_reply_count":0,"_bbp_voice_count":0,"_bbp_anonymous_reply_count":0,"_bbp_topic_count_hidden":0,"_bbp_reply_count_hidden":0,"_bbp_forum_subforum_count":0,"footnotes":""},"categories":[12,320,4,5],"tags":[348,400],"class_list":["post-26800","post","type-post","status-publish","format-standard","has-post-thumbnail","hentry","category-3r","category-musica","category-portada","category-primaria","tag-canco","tag-ritme"],"post_mailing_queue_ids":[],"_links":{"self":[{"href":"https:\/\/agora.xtec.cat\/ceip-santjordi-lleida\/wp-json\/wp\/v2\/posts\/26800","targetHints":{"allow":["GET"]}}],"collection":[{"href":"https:\/\/agora.xtec.cat\/ceip-santjordi-lleida\/wp-json\/wp\/v2\/posts"}],"about":[{"href":"https:\/\/agora.xtec.cat\/ceip-santjordi-lleida\/wp-json\/wp\/v2\/types\/post"}],"author":[{"embeddable":true,"href":"https:\/\/agora.xtec.cat\/ceip-santjordi-lleida\/wp-json\/wp\/v2\/users\/5"}],"replies":[{"embeddable":true,"href":"https:\/\/agora.xtec.cat\/ceip-santjordi-lleida\/wp-json\/wp\/v2\/comments?post=26800"}],"version-history":[{"count":1,"href":"https:\/\/agora.xtec.cat\/ceip-santjordi-lleida\/wp-json\/wp\/v2\/posts\/26800\/revisions"}],"predecessor-version":[{"id":26802,"href":"https:\/\/agora.xtec.cat\/ceip-santjordi-lleida\/wp-json\/wp\/v2\/posts\/26800\/revisions\/26802"}],"wp:featuredmedia":[{"embeddable":true,"href":"https:\/\/agora.xtec.cat\/ceip-santjordi-lleida\/wp-json\/wp\/v2\/media\/26801"}],"wp:attachment":[{"href":"https:\/\/agora.xtec.cat\/ceip-santjordi-lleida\/wp-json\/wp\/v2\/media?parent=26800"}],"wp:term":[{"taxonomy":"category","embeddable":true,"href":"https:\/\/agora.xtec.cat\/ceip-santjordi-lleida\/wp-json\/wp\/v2\/categories?post=26800"},{"taxonomy":"post_tag","embeddable":true,"href":"https:\/\/agora.xtec.cat\/ceip-santjordi-lleida\/wp-json\/wp\/v2\/tags?post=26800"}],"curies":[{"name":"wp","href":"https:\/\/api.w.org\/{rel}","templated":true}]}}