{"id":26790,"date":"2019-10-14T13:26:56","date_gmt":"2019-10-14T11:26:56","guid":{"rendered":"http:\/\/agora.xtec.cat\/ceip-santjordi-lleida\/?p=26790"},"modified":"2019-10-14T13:27:52","modified_gmt":"2019-10-14T11:27:52","slug":"moviment-canon-de-moviment","status":"publish","type":"post","link":"https:\/\/agora.xtec.cat\/ceip-santjordi-lleida\/portada\/moviment-canon-de-moviment\/","title":{"rendered":"MOVIMENT: C\u00e0non de moviment"},"content":{"rendered":"<p>La primera setmana de desembre el CI anirem a l&#8217;Escorxador a gaudir d&#8217;un espectacle de dansa, concretament de ballet. A l&#8217;aula de m\u00fasica estem fent un treball vinculat a aquesta activitat i els nens i nenes de 1r hem fet un c\u00e0non de moviments que l&#8217;hem interpretat aix\u00ed:<\/p>\n<p><iframe loading=\"lazy\" title=\"canon moviment 1r 01\" width=\"500\" height=\"281\" src=\"https:\/\/www.youtube.com\/embed\/T9vpBEaENWg?feature=oembed\" frameborder=\"0\" allow=\"accelerometer; autoplay; clipboard-write; encrypted-media; gyroscope; picture-in-picture; web-share\" referrerpolicy=\"strict-origin-when-cross-origin\" allowfullscreen><\/iframe><\/p>\n<p><iframe loading=\"lazy\" title=\"canon moviment 1r 02\" width=\"500\" height=\"281\" src=\"https:\/\/www.youtube.com\/embed\/fMjGFX8xMM0?feature=oembed\" frameborder=\"0\" allow=\"accelerometer; autoplay; clipboard-write; encrypted-media; gyroscope; picture-in-picture; web-share\" referrerpolicy=\"strict-origin-when-cross-origin\" allowfullscreen><\/iframe><\/p>\n<p><iframe loading=\"lazy\" title=\"canon moviment 1r 03\" width=\"500\" height=\"281\" src=\"https:\/\/www.youtube.com\/embed\/eKly6lyunw0?feature=oembed\" frameborder=\"0\" allow=\"accelerometer; autoplay; clipboard-write; encrypted-media; gyroscope; picture-in-picture; web-share\" referrerpolicy=\"strict-origin-when-cross-origin\" allowfullscreen><\/iframe><\/p>\n<p><iframe loading=\"lazy\" title=\"canon moviment 1r 04\" width=\"500\" height=\"281\" src=\"https:\/\/www.youtube.com\/embed\/NRf_2alKens?feature=oembed\" frameborder=\"0\" allow=\"accelerometer; autoplay; clipboard-write; encrypted-media; gyroscope; picture-in-picture; web-share\" referrerpolicy=\"strict-origin-when-cross-origin\" allowfullscreen><\/iframe><\/p>\n<p>&nbsp;<\/p>\n","protected":false},"excerpt":{"rendered":"<p>La primera setmana de desembre el CI anirem a l&#8217;Escorxador a gaudir d&#8217;un espectacle de dansa, concretament de ballet. A l&#8217;aula de m\u00fasica estem fent un treball vinculat a aquesta activitat i els nens i nenes de 1r hem fet un c\u00e0non de moviments que&hellip;  <a href=\"https:\/\/agora.xtec.cat\/ceip-santjordi-lleida\/portada\/moviment-canon-de-moviment\/\" title=\"Read MOVIMENT: C\u00e0non de moviment\">Llegeix m\u00e9s\u00bb<\/a><\/p>\n","protected":false},"author":5,"featured_media":26791,"comment_status":"open","ping_status":"closed","sticky":false,"template":"","format":"standard","meta":{"_bbp_topic_count":0,"_bbp_reply_count":0,"_bbp_total_topic_count":0,"_bbp_total_reply_count":0,"_bbp_voice_count":0,"_bbp_anonymous_reply_count":0,"_bbp_topic_count_hidden":0,"_bbp_reply_count_hidden":0,"_bbp_forum_subforum_count":0,"footnotes":""},"categories":[10,320,4,5],"tags":[357],"class_list":["post-26790","post","type-post","status-publish","format-standard","has-post-thumbnail","hentry","category-1r","category-musica","category-portada","category-primaria","tag-moviment"],"post_mailing_queue_ids":[],"_links":{"self":[{"href":"https:\/\/agora.xtec.cat\/ceip-santjordi-lleida\/wp-json\/wp\/v2\/posts\/26790","targetHints":{"allow":["GET"]}}],"collection":[{"href":"https:\/\/agora.xtec.cat\/ceip-santjordi-lleida\/wp-json\/wp\/v2\/posts"}],"about":[{"href":"https:\/\/agora.xtec.cat\/ceip-santjordi-lleida\/wp-json\/wp\/v2\/types\/post"}],"author":[{"embeddable":true,"href":"https:\/\/agora.xtec.cat\/ceip-santjordi-lleida\/wp-json\/wp\/v2\/users\/5"}],"replies":[{"embeddable":true,"href":"https:\/\/agora.xtec.cat\/ceip-santjordi-lleida\/wp-json\/wp\/v2\/comments?post=26790"}],"version-history":[{"count":2,"href":"https:\/\/agora.xtec.cat\/ceip-santjordi-lleida\/wp-json\/wp\/v2\/posts\/26790\/revisions"}],"predecessor-version":[{"id":26793,"href":"https:\/\/agora.xtec.cat\/ceip-santjordi-lleida\/wp-json\/wp\/v2\/posts\/26790\/revisions\/26793"}],"wp:featuredmedia":[{"embeddable":true,"href":"https:\/\/agora.xtec.cat\/ceip-santjordi-lleida\/wp-json\/wp\/v2\/media\/26791"}],"wp:attachment":[{"href":"https:\/\/agora.xtec.cat\/ceip-santjordi-lleida\/wp-json\/wp\/v2\/media?parent=26790"}],"wp:term":[{"taxonomy":"category","embeddable":true,"href":"https:\/\/agora.xtec.cat\/ceip-santjordi-lleida\/wp-json\/wp\/v2\/categories?post=26790"},{"taxonomy":"post_tag","embeddable":true,"href":"https:\/\/agora.xtec.cat\/ceip-santjordi-lleida\/wp-json\/wp\/v2\/tags?post=26790"}],"curies":[{"name":"wp","href":"https:\/\/api.w.org\/{rel}","templated":true}]}}