{"id":26787,"date":"2019-10-14T13:19:37","date_gmt":"2019-10-14T11:19:37","guid":{"rendered":"http:\/\/agora.xtec.cat\/ceip-santjordi-lleida\/?p=26787"},"modified":"2019-10-14T13:19:37","modified_gmt":"2019-10-14T11:19:37","slug":"taller-de-cos-i-dramatitzacio-al-ci","status":"publish","type":"post","link":"https:\/\/agora.xtec.cat\/ceip-santjordi-lleida\/portada\/taller-de-cos-i-dramatitzacio-al-ci\/","title":{"rendered":"TALLER DE COS I DRAMATITZACI\u00d3 AL CI"},"content":{"rendered":"<p>Aquesta setmana passada v\u00e0rem acabar les tres primeres sessions de tallers art\u00edstics amb els nens i nenes del CI. Concretament el grup verd ja ha fet aquestes tres sessions havent pogut gaudir d&#8217;una masterclass en aquesta disciplina, que ens la va venir a fer el Quim, un actor de teatre.<\/p>\n<p>Partint d&#8217;aquesta masterclass hem fet un treball d&#8217;interpretaci\u00f3 i creaci\u00f3. D&#8217;aquestes tres sessions us deixem dues activitats en format audiovisual.<\/p>\n<p><strong>RODA DE MOVIMENTS:<\/strong> vam partir de les nostres aficions per crear un moviment que calia encadenar-lo amb els de la resta de companys i companyes. Sabeu a quin &#8220;hobby&#8221; fa refer\u00e8ncia cada moviment d&#8217;aquests infants???<\/p>\n<p><iframe loading=\"lazy\" title=\"cadena moviments ci 01\" width=\"500\" height=\"281\" src=\"https:\/\/www.youtube.com\/embed\/H0tOzjnkOAc?feature=oembed\" frameborder=\"0\" allow=\"accelerometer; autoplay; clipboard-write; encrypted-media; gyroscope; picture-in-picture; web-share\" referrerpolicy=\"strict-origin-when-cross-origin\" allowfullscreen><\/iframe><\/p>\n<p><strong>INTERPRETEM LA POR:<\/strong><\/p>\n<p>Tot i haver fet un treball global de les emocions, com a grup va`rem escollir fer un treball de m\u00e9s per sobre la por. Aquestes van ser les nostres interpretacions finals.<\/p>\n<p><iframe loading=\"lazy\" title=\"por ci 01 a\" width=\"500\" height=\"281\" src=\"https:\/\/www.youtube.com\/embed\/u7fmYN1QvTQ?feature=oembed\" frameborder=\"0\" allow=\"accelerometer; autoplay; clipboard-write; encrypted-media; gyroscope; picture-in-picture; web-share\" referrerpolicy=\"strict-origin-when-cross-origin\" allowfullscreen><\/iframe><\/p>\n<p><iframe loading=\"lazy\" title=\"por ci 01 b\" width=\"500\" height=\"281\" src=\"https:\/\/www.youtube.com\/embed\/sYw7GxCnKsE?feature=oembed\" frameborder=\"0\" allow=\"accelerometer; autoplay; clipboard-write; encrypted-media; gyroscope; picture-in-picture; web-share\" referrerpolicy=\"strict-origin-when-cross-origin\" allowfullscreen><\/iframe><\/p>\n<p>&nbsp;<\/p>\n","protected":false},"excerpt":{"rendered":"<p>Aquesta setmana passada v\u00e0rem acabar les tres primeres sessions de tallers art\u00edstics amb els nens i nenes del CI. Concretament el grup verd ja ha fet aquestes tres sessions havent pogut gaudir d&#8217;una masterclass en aquesta disciplina, que ens la va venir a fer el&hellip;  <a href=\"https:\/\/agora.xtec.cat\/ceip-santjordi-lleida\/portada\/taller-de-cos-i-dramatitzacio-al-ci\/\" title=\"Read TALLER DE COS I DRAMATITZACI\u00d3 AL CI\">Llegeix m\u00e9s\u00bb<\/a><\/p>\n","protected":false},"author":5,"featured_media":26788,"comment_status":"open","ping_status":"closed","sticky":false,"template":"","format":"standard","meta":{"_bbp_topic_count":0,"_bbp_reply_count":0,"_bbp_total_topic_count":0,"_bbp_total_reply_count":0,"_bbp_voice_count":0,"_bbp_anonymous_reply_count":0,"_bbp_topic_count_hidden":0,"_bbp_reply_count_hidden":0,"_bbp_forum_subforum_count":0,"footnotes":""},"categories":[10,11,4,5],"tags":[327],"class_list":["post-26787","post","type-post","status-publish","format-standard","has-post-thumbnail","hentry","category-1r","category-2n","category-portada","category-primaria","tag-tallers-artistics"],"post_mailing_queue_ids":[],"_links":{"self":[{"href":"https:\/\/agora.xtec.cat\/ceip-santjordi-lleida\/wp-json\/wp\/v2\/posts\/26787","targetHints":{"allow":["GET"]}}],"collection":[{"href":"https:\/\/agora.xtec.cat\/ceip-santjordi-lleida\/wp-json\/wp\/v2\/posts"}],"about":[{"href":"https:\/\/agora.xtec.cat\/ceip-santjordi-lleida\/wp-json\/wp\/v2\/types\/post"}],"author":[{"embeddable":true,"href":"https:\/\/agora.xtec.cat\/ceip-santjordi-lleida\/wp-json\/wp\/v2\/users\/5"}],"replies":[{"embeddable":true,"href":"https:\/\/agora.xtec.cat\/ceip-santjordi-lleida\/wp-json\/wp\/v2\/comments?post=26787"}],"version-history":[{"count":1,"href":"https:\/\/agora.xtec.cat\/ceip-santjordi-lleida\/wp-json\/wp\/v2\/posts\/26787\/revisions"}],"predecessor-version":[{"id":26789,"href":"https:\/\/agora.xtec.cat\/ceip-santjordi-lleida\/wp-json\/wp\/v2\/posts\/26787\/revisions\/26789"}],"wp:featuredmedia":[{"embeddable":true,"href":"https:\/\/agora.xtec.cat\/ceip-santjordi-lleida\/wp-json\/wp\/v2\/media\/26788"}],"wp:attachment":[{"href":"https:\/\/agora.xtec.cat\/ceip-santjordi-lleida\/wp-json\/wp\/v2\/media?parent=26787"}],"wp:term":[{"taxonomy":"category","embeddable":true,"href":"https:\/\/agora.xtec.cat\/ceip-santjordi-lleida\/wp-json\/wp\/v2\/categories?post=26787"},{"taxonomy":"post_tag","embeddable":true,"href":"https:\/\/agora.xtec.cat\/ceip-santjordi-lleida\/wp-json\/wp\/v2\/tags?post=26787"}],"curies":[{"name":"wp","href":"https:\/\/api.w.org\/{rel}","templated":true}]}}