{"id":26599,"date":"2019-05-28T15:06:20","date_gmt":"2019-05-28T13:06:20","guid":{"rendered":"http:\/\/agora.xtec.cat\/ceip-santjordi-lleida\/?p=26599"},"modified":"2019-05-28T15:06:20","modified_gmt":"2019-05-28T13:06:20","slug":"coreografia-canco-de-lladre","status":"publish","type":"post","link":"https:\/\/agora.xtec.cat\/ceip-santjordi-lleida\/portada\/coreografia-canco-de-lladre\/","title":{"rendered":"COREOGRAFIA: Can\u00e7\u00f3 de lladre"},"content":{"rendered":"<p>Aquesta, \u00e9s una versi\u00f3 de la can\u00e7\u00f3 de lladre, can\u00e7\u00f3 que vam con\u00e8ixer gr\u00e0cies al projecte del pas del temps que vam fer al CM per confeccionar el llibre de Sant Jordi. Amb aquesta can\u00e7\u00f3 versionada per la Troba Kong fu, per grups, ens hem inventat uns moviments simples amb una posici\u00f3 concreta que hem anat alternant per muntar aquesta coreografia.<\/p>\n<p><iframe loading=\"lazy\" title=\"can\u00e7o lladre\" width=\"500\" height=\"281\" src=\"https:\/\/www.youtube.com\/embed\/dCrRSFkSCNM?feature=oembed\" frameborder=\"0\" allow=\"accelerometer; autoplay; clipboard-write; encrypted-media; gyroscope; picture-in-picture; web-share\" referrerpolicy=\"strict-origin-when-cross-origin\" allowfullscreen><\/iframe><\/p>\n","protected":false},"excerpt":{"rendered":"<p>Aquesta, \u00e9s una versi\u00f3 de la can\u00e7\u00f3 de lladre, can\u00e7\u00f3 que vam con\u00e8ixer gr\u00e0cies al projecte del pas del temps que vam fer al CM per confeccionar el llibre de Sant Jordi. Amb aquesta can\u00e7\u00f3 versionada per la Troba Kong fu, per grups, ens hem&hellip;  <a href=\"https:\/\/agora.xtec.cat\/ceip-santjordi-lleida\/portada\/coreografia-canco-de-lladre\/\" title=\"Read COREOGRAFIA: Can\u00e7\u00f3 de lladre\">Llegeix m\u00e9s\u00bb<\/a><\/p>\n","protected":false},"author":10,"featured_media":26600,"comment_status":"open","ping_status":"closed","sticky":false,"template":"","format":"standard","meta":{"_bbp_topic_count":0,"_bbp_reply_count":0,"_bbp_total_topic_count":0,"_bbp_total_reply_count":0,"_bbp_voice_count":0,"_bbp_anonymous_reply_count":0,"_bbp_topic_count_hidden":0,"_bbp_reply_count_hidden":0,"_bbp_forum_subforum_count":0,"footnotes":""},"categories":[12,320,4,5],"tags":[357,400],"class_list":["post-26599","post","type-post","status-publish","format-standard","has-post-thumbnail","hentry","category-3r","category-musica","category-portada","category-primaria","tag-moviment","tag-ritme"],"post_mailing_queue_ids":[],"_links":{"self":[{"href":"https:\/\/agora.xtec.cat\/ceip-santjordi-lleida\/wp-json\/wp\/v2\/posts\/26599","targetHints":{"allow":["GET"]}}],"collection":[{"href":"https:\/\/agora.xtec.cat\/ceip-santjordi-lleida\/wp-json\/wp\/v2\/posts"}],"about":[{"href":"https:\/\/agora.xtec.cat\/ceip-santjordi-lleida\/wp-json\/wp\/v2\/types\/post"}],"author":[{"embeddable":true,"href":"https:\/\/agora.xtec.cat\/ceip-santjordi-lleida\/wp-json\/wp\/v2\/users\/10"}],"replies":[{"embeddable":true,"href":"https:\/\/agora.xtec.cat\/ceip-santjordi-lleida\/wp-json\/wp\/v2\/comments?post=26599"}],"version-history":[{"count":1,"href":"https:\/\/agora.xtec.cat\/ceip-santjordi-lleida\/wp-json\/wp\/v2\/posts\/26599\/revisions"}],"predecessor-version":[{"id":26601,"href":"https:\/\/agora.xtec.cat\/ceip-santjordi-lleida\/wp-json\/wp\/v2\/posts\/26599\/revisions\/26601"}],"wp:featuredmedia":[{"embeddable":true,"href":"https:\/\/agora.xtec.cat\/ceip-santjordi-lleida\/wp-json\/wp\/v2\/media\/26600"}],"wp:attachment":[{"href":"https:\/\/agora.xtec.cat\/ceip-santjordi-lleida\/wp-json\/wp\/v2\/media?parent=26599"}],"wp:term":[{"taxonomy":"category","embeddable":true,"href":"https:\/\/agora.xtec.cat\/ceip-santjordi-lleida\/wp-json\/wp\/v2\/categories?post=26599"},{"taxonomy":"post_tag","embeddable":true,"href":"https:\/\/agora.xtec.cat\/ceip-santjordi-lleida\/wp-json\/wp\/v2\/tags?post=26599"}],"curies":[{"name":"wp","href":"https:\/\/api.w.org\/{rel}","templated":true}]}}