{"id":26543,"date":"2019-05-22T19:51:09","date_gmt":"2019-05-22T17:51:09","guid":{"rendered":"http:\/\/agora.xtec.cat\/ceip-santjordi-lleida\/?p=26543"},"modified":"2019-05-22T19:52:12","modified_gmt":"2019-05-22T17:52:12","slug":"1r-dia-a-tamarit-altafulla","status":"publish","type":"post","link":"https:\/\/agora.xtec.cat\/ceip-santjordi-lleida\/portada\/1r-dia-a-tamarit-altafulla\/","title":{"rendered":"1r dia a Tamarit (Altafulla)"},"content":{"rendered":"<p>Bon dia fam\u00edlies,<\/p>\n<p>Enguany, la colla del CM ens n&#8217;hem anat a Tamarit, a Altafulla, a la platja. I avui us deixem un resum del qu\u00e8 ha estat la nostra jornada.<\/p>\n<p>De bon mat\u00ed hem sortit de l&#8217;escola fina a arribar al c\u00e0mping, on hem esmorzat i hem fet un reconeixement amb el planell del c\u00e0mping per tot el recinte. Cap a les 13:00 ens hem situat als bungalous i hem agafat forces amb un bon dinar per afrontar les activitats de la tarda: JOCS A LA PLATJA ACOMPANYAT D&#8217;UN BANY DE MAR I D&#8217;UN ALTRE DE PISCINA.<\/p>\n<p>Ara hem acabat de dutxar-nos i gaudint de temps llibre fins a l&#8217;hora de sopar. Despr\u00e9s ens espera un magn\u00edfic joc de nit!!!<\/p>\n<p><em>Cliqueu sobre la imatge per veure m\u00e9s fotos<\/em><\/p>\n<p><a href=\"https:\/\/photos.app.goo.gl\/3UkAChSj9iCk8MGi9\" target=\"_blank\" rel=\"noopener noreferrer\"><img loading=\"lazy\" decoding=\"async\" class=\"alignnone wp-image-26544 size-large\" src=\"https:\/\/agora.xtec.cat\/ceip-santjordi-lleida\/wp-content\/uploads\/usu1393\/2019\/05\/1r_dia-1024x768.jpg\" alt=\"\" width=\"1024\" height=\"768\" srcset=\"https:\/\/agora.xtec.cat\/ceip-santjordi-lleida\/wp-content\/uploads\/usu1393\/2019\/05\/1r_dia-1024x768.jpg 1024w, https:\/\/agora.xtec.cat\/ceip-santjordi-lleida\/wp-content\/uploads\/usu1393\/2019\/05\/1r_dia-300x225.jpg 300w, https:\/\/agora.xtec.cat\/ceip-santjordi-lleida\/wp-content\/uploads\/usu1393\/2019\/05\/1r_dia-768x576.jpg 768w, https:\/\/agora.xtec.cat\/ceip-santjordi-lleida\/wp-content\/uploads\/usu1393\/2019\/05\/1r_dia-200x150.jpg 200w, https:\/\/agora.xtec.cat\/ceip-santjordi-lleida\/wp-content\/uploads\/usu1393\/2019\/05\/1r_dia.jpg 1296w\" sizes=\"auto, (max-width: 1024px) 100vw, 1024px\" \/><\/a><\/p>\n","protected":false},"excerpt":{"rendered":"<p>Bon dia fam\u00edlies,<br \/>\nEnguany, la colla del CM ens n&#8217;hem anat a Tamarit, a Altafulla, a la platja. I avui us deixem un resum del qu\u00e8 ha estat la nostra jornada.<br \/>\nDe bon mat\u00ed hem sortit de l&#8217;escola fina a arribar al c\u00e0mping, on hem esmorzat i&hellip;  <a href=\"https:\/\/agora.xtec.cat\/ceip-santjordi-lleida\/portada\/1r-dia-a-tamarit-altafulla\/\" title=\"Read 1r dia a Tamarit (Altafulla)\">Llegeix m\u00e9s\u00bb<\/a><\/p>\n","protected":false},"author":5,"featured_media":26544,"comment_status":"open","ping_status":"closed","sticky":false,"template":"","format":"standard","meta":{"_bbp_topic_count":0,"_bbp_reply_count":0,"_bbp_total_topic_count":0,"_bbp_total_reply_count":0,"_bbp_voice_count":0,"_bbp_anonymous_reply_count":0,"_bbp_topic_count_hidden":0,"_bbp_reply_count_hidden":0,"_bbp_forum_subforum_count":0,"footnotes":""},"categories":[12,13,4,5,326],"tags":[430],"class_list":["post-26543","post","type-post","status-publish","format-standard","has-post-thumbnail","hentry","category-3r","category-4t","category-portada","category-primaria","category-sortides","tag-colonies"],"post_mailing_queue_ids":[],"_links":{"self":[{"href":"https:\/\/agora.xtec.cat\/ceip-santjordi-lleida\/wp-json\/wp\/v2\/posts\/26543","targetHints":{"allow":["GET"]}}],"collection":[{"href":"https:\/\/agora.xtec.cat\/ceip-santjordi-lleida\/wp-json\/wp\/v2\/posts"}],"about":[{"href":"https:\/\/agora.xtec.cat\/ceip-santjordi-lleida\/wp-json\/wp\/v2\/types\/post"}],"author":[{"embeddable":true,"href":"https:\/\/agora.xtec.cat\/ceip-santjordi-lleida\/wp-json\/wp\/v2\/users\/5"}],"replies":[{"embeddable":true,"href":"https:\/\/agora.xtec.cat\/ceip-santjordi-lleida\/wp-json\/wp\/v2\/comments?post=26543"}],"version-history":[{"count":1,"href":"https:\/\/agora.xtec.cat\/ceip-santjordi-lleida\/wp-json\/wp\/v2\/posts\/26543\/revisions"}],"predecessor-version":[{"id":26545,"href":"https:\/\/agora.xtec.cat\/ceip-santjordi-lleida\/wp-json\/wp\/v2\/posts\/26543\/revisions\/26545"}],"wp:featuredmedia":[{"embeddable":true,"href":"https:\/\/agora.xtec.cat\/ceip-santjordi-lleida\/wp-json\/wp\/v2\/media\/26544"}],"wp:attachment":[{"href":"https:\/\/agora.xtec.cat\/ceip-santjordi-lleida\/wp-json\/wp\/v2\/media?parent=26543"}],"wp:term":[{"taxonomy":"category","embeddable":true,"href":"https:\/\/agora.xtec.cat\/ceip-santjordi-lleida\/wp-json\/wp\/v2\/categories?post=26543"},{"taxonomy":"post_tag","embeddable":true,"href":"https:\/\/agora.xtec.cat\/ceip-santjordi-lleida\/wp-json\/wp\/v2\/tags?post=26543"}],"curies":[{"name":"wp","href":"https:\/\/api.w.org\/{rel}","templated":true}]}}