{"id":26419,"date":"2019-05-17T10:24:32","date_gmt":"2019-05-17T08:24:32","guid":{"rendered":"http:\/\/agora.xtec.cat\/ceip-santjordi-lleida\/?p=26419"},"modified":"2019-05-17T10:26:37","modified_gmt":"2019-05-17T08:26:37","slug":"portes-obertes-a-linstitut","status":"publish","type":"post","link":"https:\/\/agora.xtec.cat\/ceip-santjordi-lleida\/general\/portes-obertes-a-linstitut\/","title":{"rendered":"Portes obertes a l&#8217;institut"},"content":{"rendered":"<p>El dijous 14 de mar\u00e7, els nens i nenes de 6\u00e8\u00a0 de Pa\u00efsos Catalans i de l&#8217;escola Sant Jordi vam anar a visitar les exposicions dels nens i nenes de 1r d&#8217;ESO de l&#8217;institut.<\/p>\n<p>Aquestes tractaven sobre diferents tem\u00e0tiques com: El Coltan, l&#8217;alumini, la contaminaci\u00f3 als mars, les deforestacions&#8230;Ens ho van explicar amb diferents idiomes: catal\u00e0, angl\u00e8s i alemany. Quan vam arribar all\u00ed, ens van convidar a seure en unes cadires i ens van explicar qu\u00e8 hav\u00edem de fer.<\/p>\n<p>Quan van acabar, vam fer 6 grups i ens van assignar un acompanyant de 1r d&#8217;ESO\u00a0 a cada grup. Els acompanyants ens van fer de guia per anar a veure i con\u00e9ixer les exposicions de l&#8217;institut. Gr\u00e0cies a aquesta visita vam poder descobrir m\u00e9s coses de l&#8217;institut.<\/p>\n<p>&nbsp;<\/p>\n<p><a href=\"https:\/\/agora.xtec.cat\/ceip-santjordi-lleida\/wp-content\/uploads\/usu1393\/2019\/05\/IMG_6832.jpg\"><img loading=\"lazy\" decoding=\"async\" class=\"size-medium wp-image-26424 aligncenter\" src=\"https:\/\/agora.xtec.cat\/ceip-santjordi-lleida\/wp-content\/uploads\/usu1393\/2019\/05\/IMG_6832-300x225.jpg\" alt=\"\" width=\"300\" height=\"225\" srcset=\"https:\/\/agora.xtec.cat\/ceip-santjordi-lleida\/wp-content\/uploads\/usu1393\/2019\/05\/IMG_6832-300x225.jpg 300w, https:\/\/agora.xtec.cat\/ceip-santjordi-lleida\/wp-content\/uploads\/usu1393\/2019\/05\/IMG_6832-768x576.jpg 768w, https:\/\/agora.xtec.cat\/ceip-santjordi-lleida\/wp-content\/uploads\/usu1393\/2019\/05\/IMG_6832-1024x768.jpg 1024w, https:\/\/agora.xtec.cat\/ceip-santjordi-lleida\/wp-content\/uploads\/usu1393\/2019\/05\/IMG_6832-200x150.jpg 200w, https:\/\/agora.xtec.cat\/ceip-santjordi-lleida\/wp-content\/uploads\/usu1393\/2019\/05\/IMG_6832.jpg 2016w\" sizes=\"auto, (max-width: 300px) 100vw, 300px\" \/><\/a><\/p>\n<p><a href=\"https:\/\/agora.xtec.cat\/ceip-santjordi-lleida\/wp-content\/uploads\/usu1393\/2019\/05\/IMG_6845.jpg\"><img loading=\"lazy\" decoding=\"async\" class=\"size-medium wp-image-26425 aligncenter\" src=\"https:\/\/agora.xtec.cat\/ceip-santjordi-lleida\/wp-content\/uploads\/usu1393\/2019\/05\/IMG_6845-300x225.jpg\" alt=\"\" width=\"300\" height=\"225\" srcset=\"https:\/\/agora.xtec.cat\/ceip-santjordi-lleida\/wp-content\/uploads\/usu1393\/2019\/05\/IMG_6845-300x225.jpg 300w, https:\/\/agora.xtec.cat\/ceip-santjordi-lleida\/wp-content\/uploads\/usu1393\/2019\/05\/IMG_6845-768x576.jpg 768w, https:\/\/agora.xtec.cat\/ceip-santjordi-lleida\/wp-content\/uploads\/usu1393\/2019\/05\/IMG_6845-1024x768.jpg 1024w, https:\/\/agora.xtec.cat\/ceip-santjordi-lleida\/wp-content\/uploads\/usu1393\/2019\/05\/IMG_6845-200x150.jpg 200w, https:\/\/agora.xtec.cat\/ceip-santjordi-lleida\/wp-content\/uploads\/usu1393\/2019\/05\/IMG_6845.jpg 2016w\" sizes=\"auto, (max-width: 300px) 100vw, 300px\" \/><\/a><\/p>\n<p><a href=\"https:\/\/agora.xtec.cat\/ceip-santjordi-lleida\/wp-content\/uploads\/usu1393\/2019\/05\/IMG_6859.jpg\"><img loading=\"lazy\" decoding=\"async\" class=\"size-medium wp-image-26426 aligncenter\" src=\"https:\/\/agora.xtec.cat\/ceip-santjordi-lleida\/wp-content\/uploads\/usu1393\/2019\/05\/IMG_6859-300x225.jpg\" alt=\"\" width=\"300\" height=\"225\" srcset=\"https:\/\/agora.xtec.cat\/ceip-santjordi-lleida\/wp-content\/uploads\/usu1393\/2019\/05\/IMG_6859-300x225.jpg 300w, https:\/\/agora.xtec.cat\/ceip-santjordi-lleida\/wp-content\/uploads\/usu1393\/2019\/05\/IMG_6859-768x576.jpg 768w, https:\/\/agora.xtec.cat\/ceip-santjordi-lleida\/wp-content\/uploads\/usu1393\/2019\/05\/IMG_6859-1024x768.jpg 1024w, https:\/\/agora.xtec.cat\/ceip-santjordi-lleida\/wp-content\/uploads\/usu1393\/2019\/05\/IMG_6859-200x150.jpg 200w, https:\/\/agora.xtec.cat\/ceip-santjordi-lleida\/wp-content\/uploads\/usu1393\/2019\/05\/IMG_6859.jpg 2016w\" sizes=\"auto, (max-width: 300px) 100vw, 300px\" \/><\/a><\/p>\n<p>Pol Lorenzo, \u00cdker Trillo i David Iba\u00f1ez.<\/p>\n","protected":false},"excerpt":{"rendered":"<p>El dijous 14 de mar\u00e7, els nens i nenes de 6\u00e8\u00a0 de Pa\u00efsos Catalans i de l&#8217;escola Sant Jordi vam anar a visitar les exposicions dels nens i nenes de 1r d&#8217;ESO de l&#8217;institut.<br \/>\nAquestes tractaven sobre diferents tem\u00e0tiques com: El Coltan, l&#8217;alumini, la contaminaci\u00f3 als&hellip;  <a href=\"https:\/\/agora.xtec.cat\/ceip-santjordi-lleida\/general\/portes-obertes-a-linstitut\/\" title=\"Read Portes obertes a l&#8217;institut\">Llegeix m\u00e9s\u00bb<\/a><\/p>\n","protected":false},"author":12,"featured_media":26426,"comment_status":"open","ping_status":"closed","sticky":false,"template":"","format":"standard","meta":{"_bbp_topic_count":0,"_bbp_reply_count":0,"_bbp_total_topic_count":0,"_bbp_total_reply_count":0,"_bbp_voice_count":0,"_bbp_anonymous_reply_count":0,"_bbp_topic_count_hidden":0,"_bbp_reply_count_hidden":0,"_bbp_forum_subforum_count":0,"footnotes":""},"categories":[15,1,4,5],"tags":[],"class_list":["post-26419","post","type-post","status-publish","format-standard","has-post-thumbnail","hentry","category-6e","category-general","category-portada","category-primaria"],"post_mailing_queue_ids":[],"_links":{"self":[{"href":"https:\/\/agora.xtec.cat\/ceip-santjordi-lleida\/wp-json\/wp\/v2\/posts\/26419","targetHints":{"allow":["GET"]}}],"collection":[{"href":"https:\/\/agora.xtec.cat\/ceip-santjordi-lleida\/wp-json\/wp\/v2\/posts"}],"about":[{"href":"https:\/\/agora.xtec.cat\/ceip-santjordi-lleida\/wp-json\/wp\/v2\/types\/post"}],"author":[{"embeddable":true,"href":"https:\/\/agora.xtec.cat\/ceip-santjordi-lleida\/wp-json\/wp\/v2\/users\/12"}],"replies":[{"embeddable":true,"href":"https:\/\/agora.xtec.cat\/ceip-santjordi-lleida\/wp-json\/wp\/v2\/comments?post=26419"}],"version-history":[{"count":3,"href":"https:\/\/agora.xtec.cat\/ceip-santjordi-lleida\/wp-json\/wp\/v2\/posts\/26419\/revisions"}],"predecessor-version":[{"id":26523,"href":"https:\/\/agora.xtec.cat\/ceip-santjordi-lleida\/wp-json\/wp\/v2\/posts\/26419\/revisions\/26523"}],"wp:featuredmedia":[{"embeddable":true,"href":"https:\/\/agora.xtec.cat\/ceip-santjordi-lleida\/wp-json\/wp\/v2\/media\/26426"}],"wp:attachment":[{"href":"https:\/\/agora.xtec.cat\/ceip-santjordi-lleida\/wp-json\/wp\/v2\/media?parent=26419"}],"wp:term":[{"taxonomy":"category","embeddable":true,"href":"https:\/\/agora.xtec.cat\/ceip-santjordi-lleida\/wp-json\/wp\/v2\/categories?post=26419"},{"taxonomy":"post_tag","embeddable":true,"href":"https:\/\/agora.xtec.cat\/ceip-santjordi-lleida\/wp-json\/wp\/v2\/tags?post=26419"}],"curies":[{"name":"wp","href":"https:\/\/api.w.org\/{rel}","templated":true}]}}