{"id":25967,"date":"2019-03-08T16:31:09","date_gmt":"2019-03-08T15:31:09","guid":{"rendered":"http:\/\/agora.xtec.cat\/ceip-santjordi-lleida\/?p=25967"},"modified":"2019-03-08T16:31:09","modified_gmt":"2019-03-08T15:31:09","slug":"dansa-i-creacio-ball-de-bastons","status":"publish","type":"post","link":"https:\/\/agora.xtec.cat\/ceip-santjordi-lleida\/portada\/dansa-i-creacio-ball-de-bastons\/","title":{"rendered":"DANSA I CREACI\u00d3: Ball de bastons"},"content":{"rendered":"<p>Continuant amb el treball que vam iniciar a partir de l&#8217;activitat que vam anar a veure a l&#8217;Auditori, hem fet una creaci\u00f3 amb una m\u00fasica bin\u00e0ria. Aquesta creaci\u00f3 l&#8217;hem fet per parelles i amb un element ben propi de la nostra dansa: els bastons.<\/p>\n<p><iframe loading=\"lazy\" title=\"1r creacio bastons 01\" width=\"500\" height=\"281\" src=\"https:\/\/www.youtube.com\/embed\/75ym-_he1L8?feature=oembed\" frameborder=\"0\" allow=\"accelerometer; autoplay; clipboard-write; encrypted-media; gyroscope; picture-in-picture; web-share\" referrerpolicy=\"strict-origin-when-cross-origin\" allowfullscreen><\/iframe><\/p>\n<p><iframe loading=\"lazy\" title=\"1r creacio bastons 02\" width=\"500\" height=\"281\" src=\"https:\/\/www.youtube.com\/embed\/2bIvIzzKJLU?feature=oembed\" frameborder=\"0\" allow=\"accelerometer; autoplay; clipboard-write; encrypted-media; gyroscope; picture-in-picture; web-share\" referrerpolicy=\"strict-origin-when-cross-origin\" allowfullscreen><\/iframe><\/p>\n<p>&nbsp;<\/p>\n","protected":false},"excerpt":{"rendered":"<p>Continuant amb el treball que vam iniciar a partir de l&#8217;activitat que vam anar a veure a l&#8217;Auditori, hem fet una creaci\u00f3 amb una m\u00fasica bin\u00e0ria. Aquesta creaci\u00f3 l&#8217;hem fet per parelles i amb un element ben propi de la nostra dansa: els bastons.<\/p>\n<p>&nbsp;<\/p>\n","protected":false},"author":5,"featured_media":25968,"comment_status":"open","ping_status":"closed","sticky":false,"template":"","format":"standard","meta":{"_bbp_topic_count":0,"_bbp_reply_count":0,"_bbp_total_topic_count":0,"_bbp_total_reply_count":0,"_bbp_voice_count":0,"_bbp_anonymous_reply_count":0,"_bbp_topic_count_hidden":0,"_bbp_reply_count_hidden":0,"_bbp_forum_subforum_count":0,"footnotes":""},"categories":[10,320,4,5],"tags":[359],"class_list":["post-25967","post","type-post","status-publish","format-standard","has-post-thumbnail","hentry","category-1r","category-musica","category-portada","category-primaria","tag-dansa"],"post_mailing_queue_ids":[],"_links":{"self":[{"href":"https:\/\/agora.xtec.cat\/ceip-santjordi-lleida\/wp-json\/wp\/v2\/posts\/25967","targetHints":{"allow":["GET"]}}],"collection":[{"href":"https:\/\/agora.xtec.cat\/ceip-santjordi-lleida\/wp-json\/wp\/v2\/posts"}],"about":[{"href":"https:\/\/agora.xtec.cat\/ceip-santjordi-lleida\/wp-json\/wp\/v2\/types\/post"}],"author":[{"embeddable":true,"href":"https:\/\/agora.xtec.cat\/ceip-santjordi-lleida\/wp-json\/wp\/v2\/users\/5"}],"replies":[{"embeddable":true,"href":"https:\/\/agora.xtec.cat\/ceip-santjordi-lleida\/wp-json\/wp\/v2\/comments?post=25967"}],"version-history":[{"count":1,"href":"https:\/\/agora.xtec.cat\/ceip-santjordi-lleida\/wp-json\/wp\/v2\/posts\/25967\/revisions"}],"predecessor-version":[{"id":25969,"href":"https:\/\/agora.xtec.cat\/ceip-santjordi-lleida\/wp-json\/wp\/v2\/posts\/25967\/revisions\/25969"}],"wp:featuredmedia":[{"embeddable":true,"href":"https:\/\/agora.xtec.cat\/ceip-santjordi-lleida\/wp-json\/wp\/v2\/media\/25968"}],"wp:attachment":[{"href":"https:\/\/agora.xtec.cat\/ceip-santjordi-lleida\/wp-json\/wp\/v2\/media?parent=25967"}],"wp:term":[{"taxonomy":"category","embeddable":true,"href":"https:\/\/agora.xtec.cat\/ceip-santjordi-lleida\/wp-json\/wp\/v2\/categories?post=25967"},{"taxonomy":"post_tag","embeddable":true,"href":"https:\/\/agora.xtec.cat\/ceip-santjordi-lleida\/wp-json\/wp\/v2\/tags?post=25967"}],"curies":[{"name":"wp","href":"https:\/\/api.w.org\/{rel}","templated":true}]}}