{"id":25914,"date":"2019-03-04T19:30:20","date_gmt":"2019-03-04T18:30:20","guid":{"rendered":"http:\/\/agora.xtec.cat\/ceip-santjordi-lleida\/?p=25914"},"modified":"2019-03-04T19:32:20","modified_gmt":"2019-03-04T18:32:20","slug":"taller-anti-rumors","status":"publish","type":"post","link":"https:\/\/agora.xtec.cat\/ceip-santjordi-lleida\/portada\/taller-anti-rumors\/","title":{"rendered":"Taller anti-rumors"},"content":{"rendered":"<p><a href=\"https:\/\/photos.app.goo.gl\/taRBeojEPDffdnig9\" target=\"_blank\" rel=\"noopener\"><img loading=\"lazy\" decoding=\"async\" class=\"alignnone size-medium wp-image-25915\" src=\"https:\/\/agora.xtec.cat\/ceip-santjordi-lleida\/wp-content\/uploads\/usu1393\/2019\/03\/portada-1-300x225.jpg\" alt=\"\" width=\"300\" height=\"225\" srcset=\"https:\/\/agora.xtec.cat\/ceip-santjordi-lleida\/wp-content\/uploads\/usu1393\/2019\/03\/portada-1-300x225.jpg 300w, https:\/\/agora.xtec.cat\/ceip-santjordi-lleida\/wp-content\/uploads\/usu1393\/2019\/03\/portada-1-768x576.jpg 768w, https:\/\/agora.xtec.cat\/ceip-santjordi-lleida\/wp-content\/uploads\/usu1393\/2019\/03\/portada-1-200x150.jpg 200w, https:\/\/agora.xtec.cat\/ceip-santjordi-lleida\/wp-content\/uploads\/usu1393\/2019\/03\/portada-1.jpg 1000w\" sizes=\"auto, (max-width: 300px) 100vw, 300px\" \/><\/a><\/p>\n<p>El dimecres 27 de febrer les nenes i els nens de tercer vam fer un taller Anti-rumors amb el Rafa Crespo. Vam parlar de qu\u00e8 \u00e9s un rumor, de com reaccionem quan intu\u00efm que alg\u00fa parla de nosaltres,&#8230; Aix\u00ed va anar sorgint qu\u00e8 s\u00f3n els prejudicis i els estereotips. Vam descobrir com els rumors poden acabar fent mal a alg\u00fa. Els rumors s\u00f3n com una epid\u00e8mia, f\u00e0cils d&#8217;escampar i dif\u00edcils d&#8217;aturar.<\/p>\n<p>Vam parlar dels estereotips sobre els \u00e0rabs, els negres i els gitanos: i ens va sorprendre saber que alguns grans artistes com Charlie Chaplin, Elvis Presley i Roonie Wood eren gitanos. Els gitanos \u00e9s un poble que ve de la \u00cdndia i que ha patit molta discriminaci\u00f3 durant la hist\u00f2ria. Tota discriminaci\u00f3 i exclusi\u00f3 genera rumors i prejudicis per tal de mantenir la mateixa discriminaci\u00f3.<\/p>\n<p>L&#8217;esp\u00e8cie humana va n\u00e0ixer a l&#8217;\u00c0frica i aix\u00f2 vol dir que tots i totes tenim ascendents africans: la pell es posa m\u00e9s o menys morena segons si s&#8217;activa o no la melanina quan est\u00e0 exposada al sol: aix\u00f2 vol dir que els estereotips i el concepte de ra\u00e7a el tenim bastant equivocat.<\/p>\n<p>En funci\u00f3 dels or\u00edgens d&#8217;una persona, se la classifica com a m\u00e9s o menys important!!.<\/p>\n<p>Tot plegat ens va fer pensar molt!<\/p>\n","protected":false},"excerpt":{"rendered":"<p><a href=\"https:\/\/photos.app.goo.gl\/taRBeojEPDffdnig9\" target=\"_blank\" rel=\"noopener\"><\/a><br \/>\nEl dimecres 27 de febrer les nenes i els nens de tercer vam fer un taller Anti-rumors amb el Rafa Crespo. Vam parlar de qu\u00e8 \u00e9s un rumor, de com reaccionem quan intu\u00efm que alg\u00fa parla de nosaltres,&#8230; Aix\u00ed va anar sorgint&hellip;  <a href=\"https:\/\/agora.xtec.cat\/ceip-santjordi-lleida\/portada\/taller-anti-rumors\/\" title=\"Read Taller anti-rumors\">Llegeix m\u00e9s\u00bb<\/a><\/p>\n","protected":false},"author":10,"featured_media":25915,"comment_status":"open","ping_status":"closed","sticky":false,"template":"","format":"standard","meta":{"_bbp_topic_count":0,"_bbp_reply_count":0,"_bbp_total_topic_count":0,"_bbp_total_reply_count":0,"_bbp_voice_count":0,"_bbp_anonymous_reply_count":0,"_bbp_topic_count_hidden":0,"_bbp_reply_count_hidden":0,"_bbp_forum_subforum_count":0,"footnotes":""},"categories":[12,4,5],"tags":[412],"class_list":["post-25914","post","type-post","status-publish","format-standard","has-post-thumbnail","hentry","category-3r","category-portada","category-primaria","tag-taller"],"post_mailing_queue_ids":[],"_links":{"self":[{"href":"https:\/\/agora.xtec.cat\/ceip-santjordi-lleida\/wp-json\/wp\/v2\/posts\/25914","targetHints":{"allow":["GET"]}}],"collection":[{"href":"https:\/\/agora.xtec.cat\/ceip-santjordi-lleida\/wp-json\/wp\/v2\/posts"}],"about":[{"href":"https:\/\/agora.xtec.cat\/ceip-santjordi-lleida\/wp-json\/wp\/v2\/types\/post"}],"author":[{"embeddable":true,"href":"https:\/\/agora.xtec.cat\/ceip-santjordi-lleida\/wp-json\/wp\/v2\/users\/10"}],"replies":[{"embeddable":true,"href":"https:\/\/agora.xtec.cat\/ceip-santjordi-lleida\/wp-json\/wp\/v2\/comments?post=25914"}],"version-history":[{"count":1,"href":"https:\/\/agora.xtec.cat\/ceip-santjordi-lleida\/wp-json\/wp\/v2\/posts\/25914\/revisions"}],"predecessor-version":[{"id":25916,"href":"https:\/\/agora.xtec.cat\/ceip-santjordi-lleida\/wp-json\/wp\/v2\/posts\/25914\/revisions\/25916"}],"wp:featuredmedia":[{"embeddable":true,"href":"https:\/\/agora.xtec.cat\/ceip-santjordi-lleida\/wp-json\/wp\/v2\/media\/25915"}],"wp:attachment":[{"href":"https:\/\/agora.xtec.cat\/ceip-santjordi-lleida\/wp-json\/wp\/v2\/media?parent=25914"}],"wp:term":[{"taxonomy":"category","embeddable":true,"href":"https:\/\/agora.xtec.cat\/ceip-santjordi-lleida\/wp-json\/wp\/v2\/categories?post=25914"},{"taxonomy":"post_tag","embeddable":true,"href":"https:\/\/agora.xtec.cat\/ceip-santjordi-lleida\/wp-json\/wp\/v2\/tags?post=25914"}],"curies":[{"name":"wp","href":"https:\/\/api.w.org\/{rel}","templated":true}]}}