{"id":25661,"date":"2019-02-08T13:34:46","date_gmt":"2019-02-08T12:34:46","guid":{"rendered":"http:\/\/agora.xtec.cat\/ceip-santjordi-lleida\/?p=25661"},"modified":"2019-02-08T13:34:46","modified_gmt":"2019-02-08T12:34:46","slug":"moviment-la-reina-de-la-nit-2","status":"publish","type":"post","link":"https:\/\/agora.xtec.cat\/ceip-santjordi-lleida\/portada\/moviment-la-reina-de-la-nit-2\/","title":{"rendered":"MOVIMENT: La reina de la nit"},"content":{"rendered":"<p>El passat mes de desembre ens en vam anar al Liceu a escoltar una adaptaci\u00f3 de la Flauta m\u00e0gica de Mozart. Vam estar treballant la hist\u00f2ria, les veus humanes i algunes de les audicions que escoltar\u00edem.<\/p>\n<p>Part del treball que vam iniciar al primer trimestre l\u2019estem acabant ara.<\/p>\n<p>Us deixem amb una improvisaci\u00f3 amb cintes, que nom\u00e9s tenia dues consigna, \u201cdibuixar la veu de la reina de la nit\u201d i \u201cgaudir del moviment\u201d<\/p>\n<p><iframe loading=\"lazy\" title=\"reina nit cintes\" width=\"500\" height=\"281\" src=\"https:\/\/www.youtube.com\/embed\/7kCALut7qEU?feature=oembed\" frameborder=\"0\" allow=\"accelerometer; autoplay; clipboard-write; encrypted-media; gyroscope; picture-in-picture; web-share\" referrerpolicy=\"strict-origin-when-cross-origin\" allowfullscreen><\/iframe><\/p>\n<p>&nbsp;<\/p>\n","protected":false},"excerpt":{"rendered":"<p>El passat mes de desembre ens en vam anar al Liceu a escoltar una adaptaci\u00f3 de la Flauta m\u00e0gica de Mozart. Vam estar treballant la hist\u00f2ria, les veus humanes i algunes de les audicions que escoltar\u00edem.<br \/>\nPart del treball que vam iniciar al primer trimestre l\u2019estem&hellip;  <a href=\"https:\/\/agora.xtec.cat\/ceip-santjordi-lleida\/portada\/moviment-la-reina-de-la-nit-2\/\" title=\"Read MOVIMENT: La reina de la nit\">Llegeix m\u00e9s\u00bb<\/a><\/p>\n","protected":false},"author":5,"featured_media":25662,"comment_status":"open","ping_status":"closed","sticky":false,"template":"","format":"standard","meta":{"_bbp_topic_count":0,"_bbp_reply_count":0,"_bbp_total_topic_count":0,"_bbp_total_reply_count":0,"_bbp_voice_count":0,"_bbp_anonymous_reply_count":0,"_bbp_topic_count_hidden":0,"_bbp_reply_count_hidden":0,"_bbp_forum_subforum_count":0,"footnotes":""},"categories":[12,320,4,5],"tags":[357],"class_list":["post-25661","post","type-post","status-publish","format-standard","has-post-thumbnail","hentry","category-3r","category-musica","category-portada","category-primaria","tag-moviment"],"post_mailing_queue_ids":[],"_links":{"self":[{"href":"https:\/\/agora.xtec.cat\/ceip-santjordi-lleida\/wp-json\/wp\/v2\/posts\/25661","targetHints":{"allow":["GET"]}}],"collection":[{"href":"https:\/\/agora.xtec.cat\/ceip-santjordi-lleida\/wp-json\/wp\/v2\/posts"}],"about":[{"href":"https:\/\/agora.xtec.cat\/ceip-santjordi-lleida\/wp-json\/wp\/v2\/types\/post"}],"author":[{"embeddable":true,"href":"https:\/\/agora.xtec.cat\/ceip-santjordi-lleida\/wp-json\/wp\/v2\/users\/5"}],"replies":[{"embeddable":true,"href":"https:\/\/agora.xtec.cat\/ceip-santjordi-lleida\/wp-json\/wp\/v2\/comments?post=25661"}],"version-history":[{"count":1,"href":"https:\/\/agora.xtec.cat\/ceip-santjordi-lleida\/wp-json\/wp\/v2\/posts\/25661\/revisions"}],"predecessor-version":[{"id":25663,"href":"https:\/\/agora.xtec.cat\/ceip-santjordi-lleida\/wp-json\/wp\/v2\/posts\/25661\/revisions\/25663"}],"wp:featuredmedia":[{"embeddable":true,"href":"https:\/\/agora.xtec.cat\/ceip-santjordi-lleida\/wp-json\/wp\/v2\/media\/25662"}],"wp:attachment":[{"href":"https:\/\/agora.xtec.cat\/ceip-santjordi-lleida\/wp-json\/wp\/v2\/media?parent=25661"}],"wp:term":[{"taxonomy":"category","embeddable":true,"href":"https:\/\/agora.xtec.cat\/ceip-santjordi-lleida\/wp-json\/wp\/v2\/categories?post=25661"},{"taxonomy":"post_tag","embeddable":true,"href":"https:\/\/agora.xtec.cat\/ceip-santjordi-lleida\/wp-json\/wp\/v2\/tags?post=25661"}],"curies":[{"name":"wp","href":"https:\/\/api.w.org\/{rel}","templated":true}]}}