{"id":25580,"date":"2019-01-31T17:04:34","date_gmt":"2019-01-31T16:04:34","guid":{"rendered":"http:\/\/agora.xtec.cat\/ceip-santjordi-lleida\/?p=25580"},"modified":"2019-01-31T17:04:34","modified_gmt":"2019-01-31T16:04:34","slug":"instrumentacio-la-cova-dels-gegants","status":"publish","type":"post","link":"https:\/\/agora.xtec.cat\/ceip-santjordi-lleida\/infantil\/instrumentacio-la-cova-dels-gegants\/","title":{"rendered":"instrumentaci\u00f3: la cova dels gegants"},"content":{"rendered":"<p>Durant aquest trimestre hem estat treballant una audici\u00f3 que a part d&#8217;escoltar hem dramatitzat, hem dirigit i hem interpretat. Es tracta de la hist\u00f2ria d&#8217;un gegant que dorm en una cova, cova que est\u00e0 vigilada per uns vigilants que observen que no hi entri cap intr\u00fas.<\/p>\n<p>Els tres personatges s\u00f3n interpretats per instruments de percussi\u00f3. Els gegants panderos, els vigilants xil\u00f2fons i els intrusos claves. Avui tres nens han dirigit interpretant el moviment i les pauses d&#8217;aquests tres personatges. La resta de la classe ha improvisat amb els instruments tenint en compte els moviments dels seus directors.<\/p>\n<p><iframe loading=\"lazy\" title=\"cova gegant p5\" width=\"500\" height=\"281\" src=\"https:\/\/www.youtube.com\/embed\/xNRT-T1lggs?feature=oembed\" frameborder=\"0\" allow=\"accelerometer; autoplay; clipboard-write; encrypted-media; gyroscope; picture-in-picture; web-share\" referrerpolicy=\"strict-origin-when-cross-origin\" allowfullscreen><\/iframe><\/p>\n<p>&nbsp;<\/p>\n","protected":false},"excerpt":{"rendered":"<p>Durant aquest trimestre hem estat treballant una audici\u00f3 que a part d&#8217;escoltar hem dramatitzat, hem dirigit i hem interpretat. Es tracta de la hist\u00f2ria d&#8217;un gegant que dorm en una cova, cova que est\u00e0 vigilada per uns vigilants que observen que no hi entri cap&hellip;  <a href=\"https:\/\/agora.xtec.cat\/ceip-santjordi-lleida\/infantil\/instrumentacio-la-cova-dels-gegants\/\" title=\"Read instrumentaci\u00f3: la cova dels gegants\">Llegeix m\u00e9s\u00bb<\/a><\/p>\n","protected":false},"author":5,"featured_media":25581,"comment_status":"open","ping_status":"closed","sticky":false,"template":"","format":"standard","meta":{"_bbp_topic_count":0,"_bbp_reply_count":0,"_bbp_total_topic_count":0,"_bbp_total_reply_count":0,"_bbp_voice_count":0,"_bbp_anonymous_reply_count":0,"_bbp_topic_count_hidden":0,"_bbp_reply_count_hidden":0,"_bbp_forum_subforum_count":0,"footnotes":""},"categories":[9,2,320,4],"tags":[354],"class_list":["post-25580","post","type-post","status-publish","format-standard","has-post-thumbnail","hentry","category-verda","category-infantil","category-musica","category-portada","tag-instrumentacio"],"post_mailing_queue_ids":[],"_links":{"self":[{"href":"https:\/\/agora.xtec.cat\/ceip-santjordi-lleida\/wp-json\/wp\/v2\/posts\/25580","targetHints":{"allow":["GET"]}}],"collection":[{"href":"https:\/\/agora.xtec.cat\/ceip-santjordi-lleida\/wp-json\/wp\/v2\/posts"}],"about":[{"href":"https:\/\/agora.xtec.cat\/ceip-santjordi-lleida\/wp-json\/wp\/v2\/types\/post"}],"author":[{"embeddable":true,"href":"https:\/\/agora.xtec.cat\/ceip-santjordi-lleida\/wp-json\/wp\/v2\/users\/5"}],"replies":[{"embeddable":true,"href":"https:\/\/agora.xtec.cat\/ceip-santjordi-lleida\/wp-json\/wp\/v2\/comments?post=25580"}],"version-history":[{"count":1,"href":"https:\/\/agora.xtec.cat\/ceip-santjordi-lleida\/wp-json\/wp\/v2\/posts\/25580\/revisions"}],"predecessor-version":[{"id":25582,"href":"https:\/\/agora.xtec.cat\/ceip-santjordi-lleida\/wp-json\/wp\/v2\/posts\/25580\/revisions\/25582"}],"wp:featuredmedia":[{"embeddable":true,"href":"https:\/\/agora.xtec.cat\/ceip-santjordi-lleida\/wp-json\/wp\/v2\/media\/25581"}],"wp:attachment":[{"href":"https:\/\/agora.xtec.cat\/ceip-santjordi-lleida\/wp-json\/wp\/v2\/media?parent=25580"}],"wp:term":[{"taxonomy":"category","embeddable":true,"href":"https:\/\/agora.xtec.cat\/ceip-santjordi-lleida\/wp-json\/wp\/v2\/categories?post=25580"},{"taxonomy":"post_tag","embeddable":true,"href":"https:\/\/agora.xtec.cat\/ceip-santjordi-lleida\/wp-json\/wp\/v2\/tags?post=25580"}],"curies":[{"name":"wp","href":"https:\/\/api.w.org\/{rel}","templated":true}]}}