{"id":25493,"date":"2019-01-30T11:34:49","date_gmt":"2019-01-30T10:34:49","guid":{"rendered":"http:\/\/agora.xtec.cat\/ceip-santjordi-lleida\/?p=25493"},"modified":"2019-01-30T16:28:25","modified_gmt":"2019-01-30T15:28:25","slug":"instrumentacio-la-marxa-turca-de-mozart","status":"publish","type":"post","link":"https:\/\/agora.xtec.cat\/ceip-santjordi-lleida\/portada\/instrumentacio-la-marxa-turca-de-mozart\/","title":{"rendered":"INSTRUMENTACI\u00d3: La marxa turca de Mozart"},"content":{"rendered":"<p>Amb l&#8217;excusa de la flauta m\u00e0gica, hem estat escoltant i treballant diferents peces de Mozart. Ara us presentem un treball d&#8217;instrumentaci\u00f3 fet amb una pe\u00e7a seva: la Marxa Turca.<\/p>\n<p>El resultat fent dues interpretacions diferent \u00e9s aquest:<\/p>\n<p><iframe loading=\"lazy\" title=\"marxa turca 4t\" width=\"500\" height=\"281\" src=\"https:\/\/www.youtube.com\/embed\/2V5aKGdqlE8?feature=oembed\" frameborder=\"0\" allow=\"accelerometer; autoplay; clipboard-write; encrypted-media; gyroscope; picture-in-picture; web-share\" referrerpolicy=\"strict-origin-when-cross-origin\" allowfullscreen><\/iframe><\/p>\n<p><iframe loading=\"lazy\" title=\"marxa turca 4t 02\" width=\"500\" height=\"281\" src=\"https:\/\/www.youtube.com\/embed\/5gG07GDpzG8?feature=oembed\" frameborder=\"0\" allow=\"accelerometer; autoplay; clipboard-write; encrypted-media; gyroscope; picture-in-picture; web-share\" referrerpolicy=\"strict-origin-when-cross-origin\" allowfullscreen><\/iframe><\/p>\n<p>&nbsp;<\/p>\n","protected":false},"excerpt":{"rendered":"<p>Amb l&#8217;excusa de la flauta m\u00e0gica, hem estat escoltant i treballant diferents peces de Mozart. Ara us presentem un treball d&#8217;instrumentaci\u00f3 fet amb una pe\u00e7a seva: la Marxa Turca.<br \/>\nEl resultat fent dues interpretacions diferent \u00e9s aquest:<\/p>\n<p>&nbsp;<\/p>\n","protected":false},"author":5,"featured_media":25494,"comment_status":"open","ping_status":"closed","sticky":false,"template":"","format":"standard","meta":{"_bbp_topic_count":0,"_bbp_reply_count":0,"_bbp_total_topic_count":0,"_bbp_total_reply_count":0,"_bbp_voice_count":0,"_bbp_anonymous_reply_count":0,"_bbp_topic_count_hidden":0,"_bbp_reply_count_hidden":0,"_bbp_forum_subforum_count":0,"footnotes":""},"categories":[13,320,4,5],"tags":[354],"class_list":["post-25493","post","type-post","status-publish","format-standard","has-post-thumbnail","hentry","category-4t","category-musica","category-portada","category-primaria","tag-instrumentacio"],"post_mailing_queue_ids":[],"_links":{"self":[{"href":"https:\/\/agora.xtec.cat\/ceip-santjordi-lleida\/wp-json\/wp\/v2\/posts\/25493","targetHints":{"allow":["GET"]}}],"collection":[{"href":"https:\/\/agora.xtec.cat\/ceip-santjordi-lleida\/wp-json\/wp\/v2\/posts"}],"about":[{"href":"https:\/\/agora.xtec.cat\/ceip-santjordi-lleida\/wp-json\/wp\/v2\/types\/post"}],"author":[{"embeddable":true,"href":"https:\/\/agora.xtec.cat\/ceip-santjordi-lleida\/wp-json\/wp\/v2\/users\/5"}],"replies":[{"embeddable":true,"href":"https:\/\/agora.xtec.cat\/ceip-santjordi-lleida\/wp-json\/wp\/v2\/comments?post=25493"}],"version-history":[{"count":3,"href":"https:\/\/agora.xtec.cat\/ceip-santjordi-lleida\/wp-json\/wp\/v2\/posts\/25493\/revisions"}],"predecessor-version":[{"id":25572,"href":"https:\/\/agora.xtec.cat\/ceip-santjordi-lleida\/wp-json\/wp\/v2\/posts\/25493\/revisions\/25572"}],"wp:featuredmedia":[{"embeddable":true,"href":"https:\/\/agora.xtec.cat\/ceip-santjordi-lleida\/wp-json\/wp\/v2\/media\/25494"}],"wp:attachment":[{"href":"https:\/\/agora.xtec.cat\/ceip-santjordi-lleida\/wp-json\/wp\/v2\/media?parent=25493"}],"wp:term":[{"taxonomy":"category","embeddable":true,"href":"https:\/\/agora.xtec.cat\/ceip-santjordi-lleida\/wp-json\/wp\/v2\/categories?post=25493"},{"taxonomy":"post_tag","embeddable":true,"href":"https:\/\/agora.xtec.cat\/ceip-santjordi-lleida\/wp-json\/wp\/v2\/tags?post=25493"}],"curies":[{"name":"wp","href":"https:\/\/api.w.org\/{rel}","templated":true}]}}