{"id":25164,"date":"2018-11-30T11:38:19","date_gmt":"2018-11-30T10:38:19","guid":{"rendered":"http:\/\/agora.xtec.cat\/ceip-santjordi-lleida\/?p=25164"},"modified":"2018-11-30T11:40:39","modified_gmt":"2018-11-30T10:40:39","slug":"audicio-el-bosc-a-la-paret","status":"publish","type":"post","link":"https:\/\/agora.xtec.cat\/ceip-santjordi-lleida\/infantil\/audicio-el-bosc-a-la-paret\/","title":{"rendered":"AUDICI\u00d3: El bosc a la paret"},"content":{"rendered":"<p>Aquesta setmana amb els nens i nenes de P4 i P5 ens n&#8217;hem anar al Caixaf\u00f2rum a gaudir d&#8217;una audici\u00f3 ex\u00f2tica, on\u00edrica per\u00f2 molt interessant i que ens va agradar molt. Els m\u00fasics interpretaven peces musicals\u00a0 acompanyades d&#8217;ambientacions sonores.<\/p>\n<p>Us deixem un v\u00eddeo resum del qu\u00e8 vam veure<\/p>\n<p><iframe loading=\"lazy\" title=\"Un bosc a la paret. Activitat EduCaixa\" width=\"500\" height=\"281\" src=\"https:\/\/www.youtube.com\/embed\/wJuJKwdNoQ8?feature=oembed\" frameborder=\"0\" allow=\"accelerometer; autoplay; clipboard-write; encrypted-media; gyroscope; picture-in-picture; web-share\" referrerpolicy=\"strict-origin-when-cross-origin\" allowfullscreen><\/iframe><\/p>\n<p>A l&#8217;estona de m\u00fasica cada grup de color va crear una hist\u00f2ria que vam intentar explicar amb una ambientaci\u00f3 sonora. Els resultat va estar aquest:<\/p>\n<p><iframe loading=\"lazy\" title=\"ambientacio sonora roig\" width=\"500\" height=\"281\" src=\"https:\/\/www.youtube.com\/embed\/laKmKwI1ABc?feature=oembed\" frameborder=\"0\" allow=\"accelerometer; autoplay; clipboard-write; encrypted-media; gyroscope; picture-in-picture; web-share\" referrerpolicy=\"strict-origin-when-cross-origin\" allowfullscreen><\/iframe><\/p>\n<p><iframe loading=\"lazy\" title=\"ambientacio sonora groc\" width=\"500\" height=\"281\" src=\"https:\/\/www.youtube.com\/embed\/OwGvCcVWwYU?feature=oembed\" frameborder=\"0\" allow=\"accelerometer; autoplay; clipboard-write; encrypted-media; gyroscope; picture-in-picture; web-share\" referrerpolicy=\"strict-origin-when-cross-origin\" allowfullscreen><\/iframe><\/p>\n<p><iframe loading=\"lazy\" title=\"ambientacio sonora blau\" width=\"500\" height=\"281\" src=\"https:\/\/www.youtube.com\/embed\/EGOWLTn7kyA?feature=oembed\" frameborder=\"0\" allow=\"accelerometer; autoplay; clipboard-write; encrypted-media; gyroscope; picture-in-picture; web-share\" referrerpolicy=\"strict-origin-when-cross-origin\" allowfullscreen><\/iframe><\/p>\n<p>MOLTS DELS ELEMENTS SONORS QUE VAM UTILITZAR A L&#8217;AULA ELS VAM PODER VEURE A L&#8217;ESPECTACLE!!!<\/p>\n","protected":false},"excerpt":{"rendered":"<p>Aquesta setmana amb els nens i nenes de P4 i P5 ens n&#8217;hem anar al Caixaf\u00f2rum a gaudir d&#8217;una audici\u00f3 ex\u00f2tica, on\u00edrica per\u00f2 molt interessant i que ens va agradar molt. Els m\u00fasics interpretaven peces musicals\u00a0 acompanyades d&#8217;ambientacions sonores.<br \/>\nUs deixem un v\u00eddeo resum del qu\u00e8&hellip;  <a href=\"https:\/\/agora.xtec.cat\/ceip-santjordi-lleida\/infantil\/audicio-el-bosc-a-la-paret\/\" title=\"Read AUDICI\u00d3: El bosc a la paret\">Llegeix m\u00e9s\u00bb<\/a><\/p>\n","protected":false},"author":5,"featured_media":25165,"comment_status":"open","ping_status":"closed","sticky":false,"template":"","format":"standard","meta":{"_bbp_topic_count":0,"_bbp_reply_count":0,"_bbp_total_topic_count":0,"_bbp_total_reply_count":0,"_bbp_voice_count":0,"_bbp_anonymous_reply_count":0,"_bbp_topic_count_hidden":0,"_bbp_reply_count_hidden":0,"_bbp_forum_subforum_count":0,"footnotes":""},"categories":[3,8,9,2,320,4],"tags":[354],"class_list":["post-25164","post","type-post","status-publish","format-standard","has-post-thumbnail","hentry","category-blava","category-groga","category-verda","category-infantil","category-musica","category-portada","tag-instrumentacio"],"post_mailing_queue_ids":[],"_links":{"self":[{"href":"https:\/\/agora.xtec.cat\/ceip-santjordi-lleida\/wp-json\/wp\/v2\/posts\/25164","targetHints":{"allow":["GET"]}}],"collection":[{"href":"https:\/\/agora.xtec.cat\/ceip-santjordi-lleida\/wp-json\/wp\/v2\/posts"}],"about":[{"href":"https:\/\/agora.xtec.cat\/ceip-santjordi-lleida\/wp-json\/wp\/v2\/types\/post"}],"author":[{"embeddable":true,"href":"https:\/\/agora.xtec.cat\/ceip-santjordi-lleida\/wp-json\/wp\/v2\/users\/5"}],"replies":[{"embeddable":true,"href":"https:\/\/agora.xtec.cat\/ceip-santjordi-lleida\/wp-json\/wp\/v2\/comments?post=25164"}],"version-history":[{"count":2,"href":"https:\/\/agora.xtec.cat\/ceip-santjordi-lleida\/wp-json\/wp\/v2\/posts\/25164\/revisions"}],"predecessor-version":[{"id":25167,"href":"https:\/\/agora.xtec.cat\/ceip-santjordi-lleida\/wp-json\/wp\/v2\/posts\/25164\/revisions\/25167"}],"wp:featuredmedia":[{"embeddable":true,"href":"https:\/\/agora.xtec.cat\/ceip-santjordi-lleida\/wp-json\/wp\/v2\/media\/25165"}],"wp:attachment":[{"href":"https:\/\/agora.xtec.cat\/ceip-santjordi-lleida\/wp-json\/wp\/v2\/media?parent=25164"}],"wp:term":[{"taxonomy":"category","embeddable":true,"href":"https:\/\/agora.xtec.cat\/ceip-santjordi-lleida\/wp-json\/wp\/v2\/categories?post=25164"},{"taxonomy":"post_tag","embeddable":true,"href":"https:\/\/agora.xtec.cat\/ceip-santjordi-lleida\/wp-json\/wp\/v2\/tags?post=25164"}],"curies":[{"name":"wp","href":"https:\/\/api.w.org\/{rel}","templated":true}]}}