{"id":25113,"date":"2018-11-25T15:49:40","date_gmt":"2018-11-25T14:49:40","guid":{"rendered":"http:\/\/agora.xtec.cat\/ceip-santjordi-lleida\/?p=25113"},"modified":"2018-12-03T22:10:31","modified_gmt":"2018-12-03T21:10:31","slug":"setmana-musical-2018-al-parvulari","status":"publish","type":"post","link":"https:\/\/agora.xtec.cat\/ceip-santjordi-lleida\/infantil\/setmana-musical-2018-al-parvulari\/","title":{"rendered":"Setmana musical 2018 al parvulari"},"content":{"rendered":"<p>Aquesta setmana ha estat una setmana ben especial des de l&#8217;\u00e0mbit art\u00edstic, i concretament des de l&#8217;aula de m\u00fasica hem celebrat la festivitat de la patrona dels m\u00fasics.<\/p>\n<p>Per aquest motiu durant la setmana, els nens i nenes que ten\u00edem alguna habilitat musical en alguna disciplina (dansa, cant, interpretaci\u00f3 de peces amb instruments&#8230;) han fet una petita funci\u00f3 a les aules corresponents.<\/p>\n<p>El parvulari per\u00f2, ha pogut gaudir de la col\u00b7laboraci\u00f3 dels m\u00e9s grans. Us deixem un resum amb imatges.<\/p>\n<p><em>Clica sobre la imatge per veure&#8217;n m\u00e9s.<\/em><\/p>\n<p><a href=\"https:\/\/photos.app.goo.gl\/mHPf4bidkdpskiMr9\" target=\"_blank\" rel=\"noopener\"><img loading=\"lazy\" decoding=\"async\" class=\"alignnone wp-image-25114 size-full\" src=\"https:\/\/agora.xtec.cat\/ceip-santjordi-lleida\/wp-content\/uploads\/usu1393\/2018\/11\/20181120_093759.jpg\" alt=\"\" width=\"816\" height=\"459\" srcset=\"https:\/\/agora.xtec.cat\/ceip-santjordi-lleida\/wp-content\/uploads\/usu1393\/2018\/11\/20181120_093759.jpg 816w, https:\/\/agora.xtec.cat\/ceip-santjordi-lleida\/wp-content\/uploads\/usu1393\/2018\/11\/20181120_093759-300x169.jpg 300w, https:\/\/agora.xtec.cat\/ceip-santjordi-lleida\/wp-content\/uploads\/usu1393\/2018\/11\/20181120_093759-768x432.jpg 768w\" sizes=\"auto, (max-width: 816px) 100vw, 816px\" \/><\/a><\/p>\n<p>&nbsp;<\/p>\n","protected":false},"excerpt":{"rendered":"<p>Aquesta setmana ha estat una setmana ben especial des de l&#8217;\u00e0mbit art\u00edstic, i concretament des de l&#8217;aula de m\u00fasica hem celebrat la festivitat de la patrona dels m\u00fasics.<br \/>\nPer aquest motiu durant la setmana, els nens i nenes que ten\u00edem alguna habilitat musical en alguna disciplina&hellip;  <a href=\"https:\/\/agora.xtec.cat\/ceip-santjordi-lleida\/infantil\/setmana-musical-2018-al-parvulari\/\" title=\"Read Setmana musical 2018 al parvulari\">Llegeix m\u00e9s\u00bb<\/a><\/p>\n","protected":false},"author":5,"featured_media":25114,"comment_status":"open","ping_status":"closed","sticky":false,"template":"","format":"standard","meta":{"_bbp_topic_count":0,"_bbp_reply_count":0,"_bbp_total_topic_count":0,"_bbp_total_reply_count":0,"_bbp_voice_count":0,"_bbp_anonymous_reply_count":0,"_bbp_topic_count_hidden":0,"_bbp_reply_count_hidden":0,"_bbp_forum_subforum_count":0,"footnotes":""},"categories":[3,8,9,2,320,4],"tags":[350],"class_list":["post-25113","post","type-post","status-publish","format-standard","has-post-thumbnail","hentry","category-blava","category-groga","category-verda","category-infantil","category-musica","category-portada","tag-audicio"],"post_mailing_queue_ids":[],"_links":{"self":[{"href":"https:\/\/agora.xtec.cat\/ceip-santjordi-lleida\/wp-json\/wp\/v2\/posts\/25113","targetHints":{"allow":["GET"]}}],"collection":[{"href":"https:\/\/agora.xtec.cat\/ceip-santjordi-lleida\/wp-json\/wp\/v2\/posts"}],"about":[{"href":"https:\/\/agora.xtec.cat\/ceip-santjordi-lleida\/wp-json\/wp\/v2\/types\/post"}],"author":[{"embeddable":true,"href":"https:\/\/agora.xtec.cat\/ceip-santjordi-lleida\/wp-json\/wp\/v2\/users\/5"}],"replies":[{"embeddable":true,"href":"https:\/\/agora.xtec.cat\/ceip-santjordi-lleida\/wp-json\/wp\/v2\/comments?post=25113"}],"version-history":[{"count":2,"href":"https:\/\/agora.xtec.cat\/ceip-santjordi-lleida\/wp-json\/wp\/v2\/posts\/25113\/revisions"}],"predecessor-version":[{"id":25176,"href":"https:\/\/agora.xtec.cat\/ceip-santjordi-lleida\/wp-json\/wp\/v2\/posts\/25113\/revisions\/25176"}],"wp:featuredmedia":[{"embeddable":true,"href":"https:\/\/agora.xtec.cat\/ceip-santjordi-lleida\/wp-json\/wp\/v2\/media\/25114"}],"wp:attachment":[{"href":"https:\/\/agora.xtec.cat\/ceip-santjordi-lleida\/wp-json\/wp\/v2\/media?parent=25113"}],"wp:term":[{"taxonomy":"category","embeddable":true,"href":"https:\/\/agora.xtec.cat\/ceip-santjordi-lleida\/wp-json\/wp\/v2\/categories?post=25113"},{"taxonomy":"post_tag","embeddable":true,"href":"https:\/\/agora.xtec.cat\/ceip-santjordi-lleida\/wp-json\/wp\/v2\/tags?post=25113"}],"curies":[{"name":"wp","href":"https:\/\/api.w.org\/{rel}","templated":true}]}}