{"id":25095,"date":"2018-11-25T15:18:43","date_gmt":"2018-11-25T14:18:43","guid":{"rendered":"http:\/\/agora.xtec.cat\/ceip-santjordi-lleida\/?p=25095"},"modified":"2018-11-25T15:22:16","modified_gmt":"2018-11-25T14:22:16","slug":"setmana-musical-2018-a-4t","status":"publish","type":"post","link":"https:\/\/agora.xtec.cat\/ceip-santjordi-lleida\/portada\/setmana-musical-2018-a-4t\/","title":{"rendered":"Setmana musical 2018 a 4t"},"content":{"rendered":"<p>Aquesta setmana ha estat una setmana ben especial des de l&#8217;\u00e0mbit art\u00edstic, i concretament des de l&#8217;aula de m\u00fasica hem celebrat la festivitat de la patrona dels m\u00fasics.<\/p>\n<p>Per aquest motiu durant la setmana, els nens i nenes que ten\u00edem alguna habilitat musical en alguna disciplina (dansa, cant, interpretaci\u00f3 de peces amb instruments&#8230;) hem fet una petita funci\u00f3 a la nostra aula.<\/p>\n<p>Us deixem les interpretacions que hem executat a la nostra classe:<\/p>\n<p>LA JOANA I LA BATERIA:<\/p>\n<p><iframe loading=\"lazy\" title=\"20181123 102847\" width=\"500\" height=\"281\" src=\"https:\/\/www.youtube.com\/embed\/HgWHDoGFN_g?feature=oembed\" frameborder=\"0\" allow=\"accelerometer; autoplay; clipboard-write; encrypted-media; gyroscope; picture-in-picture; web-share\" referrerpolicy=\"strict-origin-when-cross-origin\" allowfullscreen><\/iframe><\/p>\n<p>LA MARTA I EL PIANO:<\/p>\n<p><iframe loading=\"lazy\" title=\"20181121 154302\" width=\"500\" height=\"281\" src=\"https:\/\/www.youtube.com\/embed\/owGMNn4uCD8?feature=oembed\" frameborder=\"0\" allow=\"accelerometer; autoplay; clipboard-write; encrypted-media; gyroscope; picture-in-picture; web-share\" referrerpolicy=\"strict-origin-when-cross-origin\" allowfullscreen><\/iframe><\/p>\n<p>LA MARTINA I EL PIANO:<\/p>\n<p><iframe loading=\"lazy\" title=\"20181123 100635\" width=\"500\" height=\"281\" src=\"https:\/\/www.youtube.com\/embed\/1fbvuS1_NeQ?feature=oembed\" frameborder=\"0\" allow=\"accelerometer; autoplay; clipboard-write; encrypted-media; gyroscope; picture-in-picture; web-share\" referrerpolicy=\"strict-origin-when-cross-origin\" allowfullscreen><\/iframe><\/p>\n<p>EL ROGER I LA GUITARRA:<\/p>\n<p><iframe loading=\"lazy\" title=\"20181123 101057\" width=\"500\" height=\"281\" src=\"https:\/\/www.youtube.com\/embed\/3egNGC0ONaw?feature=oembed\" frameborder=\"0\" allow=\"accelerometer; autoplay; clipboard-write; encrypted-media; gyroscope; picture-in-picture; web-share\" referrerpolicy=\"strict-origin-when-cross-origin\" allowfullscreen><\/iframe><\/p>\n<p>&nbsp;<\/p>\n<p>EL JOAN I LA GUITARRA:<\/p>\n<p><iframe loading=\"lazy\" title=\"20181123 101809\" width=\"500\" height=\"281\" src=\"https:\/\/www.youtube.com\/embed\/zWn1_7IriAc?feature=oembed\" frameborder=\"0\" allow=\"accelerometer; autoplay; clipboard-write; encrypted-media; gyroscope; picture-in-picture; web-share\" referrerpolicy=\"strict-origin-when-cross-origin\" allowfullscreen><\/iframe><\/p>\n","protected":false},"excerpt":{"rendered":"<p>Aquesta setmana ha estat una setmana ben especial des de l&#8217;\u00e0mbit art\u00edstic, i concretament des de l&#8217;aula de m\u00fasica hem celebrat la festivitat de la patrona dels m\u00fasics.<br \/>\nPer aquest motiu durant la setmana, els nens i nenes que ten\u00edem alguna habilitat musical en alguna disciplina&hellip;  <a href=\"https:\/\/agora.xtec.cat\/ceip-santjordi-lleida\/portada\/setmana-musical-2018-a-4t\/\" title=\"Read Setmana musical 2018 a 4t\">Llegeix m\u00e9s\u00bb<\/a><\/p>\n","protected":false},"author":5,"featured_media":25096,"comment_status":"open","ping_status":"closed","sticky":false,"template":"","format":"standard","meta":{"_bbp_topic_count":0,"_bbp_reply_count":0,"_bbp_total_topic_count":0,"_bbp_total_reply_count":0,"_bbp_voice_count":0,"_bbp_anonymous_reply_count":0,"_bbp_topic_count_hidden":0,"_bbp_reply_count_hidden":0,"_bbp_forum_subforum_count":0,"footnotes":""},"categories":[13,320,4,5],"tags":[350],"class_list":["post-25095","post","type-post","status-publish","format-standard","has-post-thumbnail","hentry","category-4t","category-musica","category-portada","category-primaria","tag-audicio"],"post_mailing_queue_ids":[],"_links":{"self":[{"href":"https:\/\/agora.xtec.cat\/ceip-santjordi-lleida\/wp-json\/wp\/v2\/posts\/25095","targetHints":{"allow":["GET"]}}],"collection":[{"href":"https:\/\/agora.xtec.cat\/ceip-santjordi-lleida\/wp-json\/wp\/v2\/posts"}],"about":[{"href":"https:\/\/agora.xtec.cat\/ceip-santjordi-lleida\/wp-json\/wp\/v2\/types\/post"}],"author":[{"embeddable":true,"href":"https:\/\/agora.xtec.cat\/ceip-santjordi-lleida\/wp-json\/wp\/v2\/users\/5"}],"replies":[{"embeddable":true,"href":"https:\/\/agora.xtec.cat\/ceip-santjordi-lleida\/wp-json\/wp\/v2\/comments?post=25095"}],"version-history":[{"count":2,"href":"https:\/\/agora.xtec.cat\/ceip-santjordi-lleida\/wp-json\/wp\/v2\/posts\/25095\/revisions"}],"predecessor-version":[{"id":25098,"href":"https:\/\/agora.xtec.cat\/ceip-santjordi-lleida\/wp-json\/wp\/v2\/posts\/25095\/revisions\/25098"}],"wp:featuredmedia":[{"embeddable":true,"href":"https:\/\/agora.xtec.cat\/ceip-santjordi-lleida\/wp-json\/wp\/v2\/media\/25096"}],"wp:attachment":[{"href":"https:\/\/agora.xtec.cat\/ceip-santjordi-lleida\/wp-json\/wp\/v2\/media?parent=25095"}],"wp:term":[{"taxonomy":"category","embeddable":true,"href":"https:\/\/agora.xtec.cat\/ceip-santjordi-lleida\/wp-json\/wp\/v2\/categories?post=25095"},{"taxonomy":"post_tag","embeddable":true,"href":"https:\/\/agora.xtec.cat\/ceip-santjordi-lleida\/wp-json\/wp\/v2\/tags?post=25095"}],"curies":[{"name":"wp","href":"https:\/\/api.w.org\/{rel}","templated":true}]}}