{"id":24859,"date":"2018-10-30T10:31:43","date_gmt":"2018-10-30T09:31:43","guid":{"rendered":"http:\/\/agora.xtec.cat\/ceip-santjordi-lleida\/?p=24859"},"modified":"2018-10-30T10:31:43","modified_gmt":"2018-10-30T09:31:43","slug":"marato-de-contes-el-llobet","status":"publish","type":"post","link":"https:\/\/agora.xtec.cat\/ceip-santjordi-lleida\/infantil\/marato-de-contes-el-llobet\/","title":{"rendered":"Marat\u00f3 de contes: El llobet"},"content":{"rendered":"<p>Avui ens ha tocat explicar als nens i nenes del parvulari. I despr\u00e9s d&#8217;un assaig de la dansa que dem\u00e0 ballarem, ens ha arribat l&#8217;hora. Est\u00e0vem molt emocionats i emocionades amb la nostra interpretaci\u00f3 i ens ha sortit aix\u00ed de b\u00e9!!!!<\/p>\n<p><iframe loading=\"lazy\" title=\"llobet\" width=\"500\" height=\"281\" src=\"https:\/\/www.youtube.com\/embed\/X6ItwZvK90c?feature=oembed\" frameborder=\"0\" allow=\"accelerometer; autoplay; clipboard-write; encrypted-media; gyroscope; picture-in-picture; web-share\" referrerpolicy=\"strict-origin-when-cross-origin\" allowfullscreen><\/iframe><\/p>\n","protected":false},"excerpt":{"rendered":"<p>Avui ens ha tocat explicar als nens i nenes del parvulari. I despr\u00e9s d&#8217;un assaig de la dansa que dem\u00e0 ballarem, ens ha arribat l&#8217;hora. Est\u00e0vem molt emocionats i emocionades amb la nostra interpretaci\u00f3 i ens ha sortit aix\u00ed de b\u00e9!!!!<\/p>\n","protected":false},"author":5,"featured_media":24860,"comment_status":"open","ping_status":"closed","sticky":false,"template":"","format":"standard","meta":{"_bbp_topic_count":0,"_bbp_reply_count":0,"_bbp_total_topic_count":0,"_bbp_total_reply_count":0,"_bbp_voice_count":0,"_bbp_anonymous_reply_count":0,"_bbp_topic_count_hidden":0,"_bbp_reply_count_hidden":0,"_bbp_forum_subforum_count":0,"footnotes":""},"categories":[9,321,2,4],"tags":[360],"class_list":["post-24859","post","type-post","status-publish","format-standard","has-post-thumbnail","hentry","category-verda","category-festes","category-infantil","category-portada","tag-festa-de-tardor"],"post_mailing_queue_ids":[],"_links":{"self":[{"href":"https:\/\/agora.xtec.cat\/ceip-santjordi-lleida\/wp-json\/wp\/v2\/posts\/24859","targetHints":{"allow":["GET"]}}],"collection":[{"href":"https:\/\/agora.xtec.cat\/ceip-santjordi-lleida\/wp-json\/wp\/v2\/posts"}],"about":[{"href":"https:\/\/agora.xtec.cat\/ceip-santjordi-lleida\/wp-json\/wp\/v2\/types\/post"}],"author":[{"embeddable":true,"href":"https:\/\/agora.xtec.cat\/ceip-santjordi-lleida\/wp-json\/wp\/v2\/users\/5"}],"replies":[{"embeddable":true,"href":"https:\/\/agora.xtec.cat\/ceip-santjordi-lleida\/wp-json\/wp\/v2\/comments?post=24859"}],"version-history":[{"count":1,"href":"https:\/\/agora.xtec.cat\/ceip-santjordi-lleida\/wp-json\/wp\/v2\/posts\/24859\/revisions"}],"predecessor-version":[{"id":24861,"href":"https:\/\/agora.xtec.cat\/ceip-santjordi-lleida\/wp-json\/wp\/v2\/posts\/24859\/revisions\/24861"}],"wp:featuredmedia":[{"embeddable":true,"href":"https:\/\/agora.xtec.cat\/ceip-santjordi-lleida\/wp-json\/wp\/v2\/media\/24860"}],"wp:attachment":[{"href":"https:\/\/agora.xtec.cat\/ceip-santjordi-lleida\/wp-json\/wp\/v2\/media?parent=24859"}],"wp:term":[{"taxonomy":"category","embeddable":true,"href":"https:\/\/agora.xtec.cat\/ceip-santjordi-lleida\/wp-json\/wp\/v2\/categories?post=24859"},{"taxonomy":"post_tag","embeddable":true,"href":"https:\/\/agora.xtec.cat\/ceip-santjordi-lleida\/wp-json\/wp\/v2\/tags?post=24859"}],"curies":[{"name":"wp","href":"https:\/\/api.w.org\/{rel}","templated":true}]}}