{"id":24108,"date":"2018-05-16T23:16:49","date_gmt":"2018-05-16T21:16:49","guid":{"rendered":"http:\/\/agora.xtec.cat\/ceip-santjordi-lleida\/?p=24108"},"modified":"2018-05-17T10:20:41","modified_gmt":"2018-05-17T08:20:41","slug":"colonies-cal-gort-18","status":"publish","type":"post","link":"https:\/\/agora.xtec.cat\/ceip-santjordi-lleida\/portada\/colonies-cal-gort-18\/","title":{"rendered":"col\u00f2nies cal gort 18"},"content":{"rendered":"<p>Buff &#8230;.\u00a0 bona nit pares i mares,<\/p>\n<p>Ja som (fa estona) a la Pobla de C\u00e8rvoles.<\/p>\n<p>Aquest mat\u00ed hem esmorzat al Vilosell i hem vist la casa del llop de la Caputxeta Vermella.<\/p>\n<p>La papallona &#8220;mussol&#8221; ens ha donat la benvinguda.<\/p>\n<p>Tenim unes fotos espectaculars, per\u00f2 haureu de tenir paci\u00e8ncia i dem\u00e0 potser en podreu veure alguna.<\/p>\n<p>Sabeu perqu\u00e8 creix una figuera dalt del campanar d&#8217;aquest poble? Doncs quan arribem us ho explicarem&#8230;. jijiji.<\/p>\n<p>Tenim una altra sorpresa: Hem dinat macarrons, calamars i pl\u00e0tan. L&#8217;entrep\u00e0 que port\u00e0vem a la motxilla ens l&#8217;hem menjat per berenar.<\/p>\n<p>Hem comen\u00e7at a menjar&#8230;. molt.<\/p>\n<p>Alguns de nosaltres ja hem fet el taller de les abelles, i el de les ametlles garrapinyades.<\/p>\n<p>Despr\u00e9s hem marxat cap a les caves de &#8220;Mas Blanch i Jov\u00e9&#8221;. Ens han explicat moltes coses i hem vist un munt d&#8217;obres d&#8217;art mig amagades per la Vinya dels artistes.<\/p>\n<p>Per anar fent boca aqu\u00ed teniu unes petites imatges. Dem\u00e0 m\u00e9s i millor. No patiu. Anem a fer &#8220;juerga&#8221; .<\/p>\n<p><img loading=\"lazy\" decoding=\"async\" class=\"alignnone size-large wp-image-24109\" src=\"http:\/\/agora.xtec.cat\/ceip-santjordi-lleida\/wp-content\/uploads\/usu1393\/2018\/05\/IMG_1377-1024x768.jpg\" alt=\"\" width=\"1024\" height=\"768\" srcset=\"https:\/\/agora.xtec.cat\/ceip-santjordi-lleida\/wp-content\/uploads\/usu1393\/2018\/05\/IMG_1377-1024x768.jpg 1024w, https:\/\/agora.xtec.cat\/ceip-santjordi-lleida\/wp-content\/uploads\/usu1393\/2018\/05\/IMG_1377-300x225.jpg 300w, https:\/\/agora.xtec.cat\/ceip-santjordi-lleida\/wp-content\/uploads\/usu1393\/2018\/05\/IMG_1377-768x576.jpg 768w, https:\/\/agora.xtec.cat\/ceip-santjordi-lleida\/wp-content\/uploads\/usu1393\/2018\/05\/IMG_1377-200x150.jpg 200w\" sizes=\"auto, (max-width: 1024px) 100vw, 1024px\" \/> <img loading=\"lazy\" decoding=\"async\" class=\"alignnone size-large wp-image-24110\" src=\"http:\/\/agora.xtec.cat\/ceip-santjordi-lleida\/wp-content\/uploads\/usu1393\/2018\/05\/IMG_20180516_195423-1024x768.jpg\" alt=\"\" width=\"1024\" height=\"768\" srcset=\"https:\/\/agora.xtec.cat\/ceip-santjordi-lleida\/wp-content\/uploads\/usu1393\/2018\/05\/IMG_20180516_195423-1024x768.jpg 1024w, https:\/\/agora.xtec.cat\/ceip-santjordi-lleida\/wp-content\/uploads\/usu1393\/2018\/05\/IMG_20180516_195423-300x225.jpg 300w, https:\/\/agora.xtec.cat\/ceip-santjordi-lleida\/wp-content\/uploads\/usu1393\/2018\/05\/IMG_20180516_195423-768x576.jpg 768w, https:\/\/agora.xtec.cat\/ceip-santjordi-lleida\/wp-content\/uploads\/usu1393\/2018\/05\/IMG_20180516_195423-200x150.jpg 200w\" sizes=\"auto, (max-width: 1024px) 100vw, 1024px\" \/><\/p>\n<p>&nbsp;<\/p>\n<p>&nbsp;<\/p>\n","protected":false},"excerpt":{"rendered":"<p>Buff &#8230;.\u00a0 bona nit pares i mares,<br \/>\nJa som (fa estona) a la Pobla de C\u00e8rvoles.<br \/>\nAquest mat\u00ed hem esmorzat al Vilosell i hem vist la casa del llop de la Caputxeta Vermella.<br \/>\nLa papallona &#8220;mussol&#8221; ens ha donat la benvinguda.<br \/>\nTenim unes fotos espectaculars, per\u00f2 haureu de tenir&hellip;  <a href=\"https:\/\/agora.xtec.cat\/ceip-santjordi-lleida\/portada\/colonies-cal-gort-18\/\" title=\"Read col\u00f2nies cal gort 18\">Llegeix m\u00e9s\u00bb<\/a><\/p>\n","protected":false},"author":10,"featured_media":24109,"comment_status":"open","ping_status":"closed","sticky":false,"template":"","format":"standard","meta":{"_bbp_topic_count":0,"_bbp_reply_count":0,"_bbp_total_topic_count":0,"_bbp_total_reply_count":0,"_bbp_voice_count":0,"_bbp_anonymous_reply_count":0,"_bbp_topic_count_hidden":0,"_bbp_reply_count_hidden":0,"_bbp_forum_subforum_count":0,"footnotes":""},"categories":[10,11,4,5,326],"tags":[],"class_list":["post-24108","post","type-post","status-publish","format-standard","has-post-thumbnail","hentry","category-1r","category-2n","category-portada","category-primaria","category-sortides"],"post_mailing_queue_ids":[],"_links":{"self":[{"href":"https:\/\/agora.xtec.cat\/ceip-santjordi-lleida\/wp-json\/wp\/v2\/posts\/24108","targetHints":{"allow":["GET"]}}],"collection":[{"href":"https:\/\/agora.xtec.cat\/ceip-santjordi-lleida\/wp-json\/wp\/v2\/posts"}],"about":[{"href":"https:\/\/agora.xtec.cat\/ceip-santjordi-lleida\/wp-json\/wp\/v2\/types\/post"}],"author":[{"embeddable":true,"href":"https:\/\/agora.xtec.cat\/ceip-santjordi-lleida\/wp-json\/wp\/v2\/users\/10"}],"replies":[{"embeddable":true,"href":"https:\/\/agora.xtec.cat\/ceip-santjordi-lleida\/wp-json\/wp\/v2\/comments?post=24108"}],"version-history":[{"count":1,"href":"https:\/\/agora.xtec.cat\/ceip-santjordi-lleida\/wp-json\/wp\/v2\/posts\/24108\/revisions"}],"predecessor-version":[{"id":24111,"href":"https:\/\/agora.xtec.cat\/ceip-santjordi-lleida\/wp-json\/wp\/v2\/posts\/24108\/revisions\/24111"}],"wp:featuredmedia":[{"embeddable":true,"href":"https:\/\/agora.xtec.cat\/ceip-santjordi-lleida\/wp-json\/wp\/v2\/media\/24109"}],"wp:attachment":[{"href":"https:\/\/agora.xtec.cat\/ceip-santjordi-lleida\/wp-json\/wp\/v2\/media?parent=24108"}],"wp:term":[{"taxonomy":"category","embeddable":true,"href":"https:\/\/agora.xtec.cat\/ceip-santjordi-lleida\/wp-json\/wp\/v2\/categories?post=24108"},{"taxonomy":"post_tag","embeddable":true,"href":"https:\/\/agora.xtec.cat\/ceip-santjordi-lleida\/wp-json\/wp\/v2\/tags?post=24108"}],"curies":[{"name":"wp","href":"https:\/\/api.w.org\/{rel}","templated":true}]}}