{"id":22524,"date":"2017-12-15T11:02:08","date_gmt":"2017-12-15T10:02:08","guid":{"rendered":"http:\/\/agora.xtec.cat\/ceip-santjordi-lleida\/?p=22524"},"modified":"2017-12-15T11:02:08","modified_gmt":"2017-12-15T10:02:08","slug":"ja-han-arribat-els-nous-practicants","status":"publish","type":"post","link":"https:\/\/agora.xtec.cat\/ceip-santjordi-lleida\/general\/ja-han-arribat-els-nous-practicants\/","title":{"rendered":"JA HAN ARRIBAT ELS NOUS PRACTICANTS"},"content":{"rendered":"<p>El dia 6 de novembre van arribar els nous practicants del curs 2017\/2018. Han vingut a les\u00a0aules de 1r, 2n, 4t i 6\u00e8. Han vingut per ajudar als mestres i a aprendre una mica m\u00e9s per als seus estudis. A aquests cursos els estan gaudint molt, elles i ell, els practicants\u00a0 gaudeixen dels alumnes i els alumnes dels practicants.<\/p>\n<p><strong> ANNA<\/strong><\/p>\n<p style=\"text-align: left;\">L&#8217;Anna \u00e9s la practicant de 6\u00e8 es porta molt b\u00e9 amb els alumnes de 6\u00e8 de vegades fa classes.<a href=\"http:\/\/agora.xtec.cat\/ceip-santjordi-lleida\/wp-content\/uploads\/usu1393\/2017\/12\/DSC02105-1.jpg\"><img loading=\"lazy\" decoding=\"async\" class=\" wp-image-22554 aligncenter\" src=\"http:\/\/agora.xtec.cat\/ceip-santjordi-lleida\/wp-content\/uploads\/usu1393\/2017\/12\/DSC02105-1-150x150.jpg\" alt=\"\" width=\"174\" height=\"174\" \/><\/a><\/p>\n<p><strong>V\u00cdCTOR<\/strong><\/p>\n<p>El V\u00edctor \u00e9s el practicant de 4t i es l&#8217;\u00fanic noi practicant,\u00a0 es porta molt b\u00e9 amb els alumnes.\u00a0\u00a0\u00a0\u00a0\u00a0\u00a0\u00a0\u00a0\u00a0\u00a0\u00a0\u00a0\u00a0\u00a0\u00a0\u00a0\u00a0\u00a0\u00a0\u00a0\u00a0\u00a0\u00a0\u00a0\u00a0\u00a0\u00a0\u00a0\u00a0\u00a0\u00a0\u00a0\u00a0\u00a0\u00a0\u00a0\u00a0\u00a0\u00a0\u00a0\u00a0\u00a0\u00a0\u00a0\u00a0\u00a0\u00a0\u00a0\u00a0\u00a0\u00a0\u00a0\u00a0\u00a0 <a href=\"http:\/\/agora.xtec.cat\/ceip-santjordi-lleida\/wp-content\/uploads\/usu1393\/2017\/12\/DSC02107.jpg\"><img loading=\"lazy\" decoding=\"async\" class=\"alignnone wp-image-22562\" src=\"http:\/\/agora.xtec.cat\/ceip-santjordi-lleida\/wp-content\/uploads\/usu1393\/2017\/12\/DSC02107-150x150.jpg\" alt=\"\" width=\"183\" height=\"183\" \/><\/a><\/p>\n<p><strong>AIDA<\/strong><\/p>\n<p style=\"text-align: left;\">L&#8217; Aida \u00e9s la practicant de 2n li agrada estar amb els alumnes que aprenen.<\/p>\n<p style=\"text-align: center;\"><a href=\"http:\/\/agora.xtec.cat\/ceip-santjordi-lleida\/wp-content\/uploads\/usu1393\/2017\/12\/DSC02110.jpg\"><img loading=\"lazy\" decoding=\"async\" class=\"alignnone wp-image-22564\" src=\"http:\/\/agora.xtec.cat\/ceip-santjordi-lleida\/wp-content\/uploads\/usu1393\/2017\/12\/DSC02110-150x150.jpg\" alt=\"\" width=\"218\" height=\"218\" \/><\/a><\/p>\n<p style=\"text-align: left;\"><strong>MARIA<\/strong><\/p>\n<p style=\"text-align: left;\">La Maria \u00e9s la practicant de 1r i li encanta ajudar els nens.<\/p>\n<p style=\"text-align: left;\"><a href=\"http:\/\/agora.xtec.cat\/ceip-santjordi-lleida\/wp-content\/uploads\/usu1393\/2017\/12\/DSC02112.jpg\"><img loading=\"lazy\" decoding=\"async\" class=\" wp-image-22567 aligncenter\" src=\"http:\/\/agora.xtec.cat\/ceip-santjordi-lleida\/wp-content\/uploads\/usu1393\/2017\/12\/DSC02112-150x150.jpg\" alt=\"\" width=\"227\" height=\"227\" \/><\/a><\/p>\n<p>GERARD I MARC<\/p>\n","protected":false},"excerpt":{"rendered":"<p>El dia 6 de novembre van arribar els nous practicants del curs 2017\/2018. Han vingut a les\u00a0aules de 1r, 2n, 4t i 6\u00e8. Han vingut per ajudar als mestres i a aprendre una mica m\u00e9s per als seus estudis. A aquests cursos els estan gaudint&hellip;  <a href=\"https:\/\/agora.xtec.cat\/ceip-santjordi-lleida\/general\/ja-han-arribat-els-nous-practicants\/\" title=\"Read JA HAN ARRIBAT ELS NOUS PRACTICANTS\">Llegeix m\u00e9s\u00bb<\/a><\/p>\n","protected":false},"author":11,"featured_media":5165,"comment_status":"open","ping_status":"closed","sticky":false,"template":"","format":"standard","meta":{"_bbp_topic_count":0,"_bbp_reply_count":0,"_bbp_total_topic_count":0,"_bbp_total_reply_count":0,"_bbp_voice_count":0,"_bbp_anonymous_reply_count":0,"_bbp_topic_count_hidden":0,"_bbp_reply_count_hidden":0,"_bbp_forum_subforum_count":0,"footnotes":""},"categories":[10,11,13,14,15,1,4,5],"tags":[],"class_list":["post-22524","post","type-post","status-publish","format-standard","has-post-thumbnail","hentry","category-1r","category-2n","category-4t","category-5e","category-6e","category-general","category-portada","category-primaria"],"post_mailing_queue_ids":[],"_links":{"self":[{"href":"https:\/\/agora.xtec.cat\/ceip-santjordi-lleida\/wp-json\/wp\/v2\/posts\/22524","targetHints":{"allow":["GET"]}}],"collection":[{"href":"https:\/\/agora.xtec.cat\/ceip-santjordi-lleida\/wp-json\/wp\/v2\/posts"}],"about":[{"href":"https:\/\/agora.xtec.cat\/ceip-santjordi-lleida\/wp-json\/wp\/v2\/types\/post"}],"author":[{"embeddable":true,"href":"https:\/\/agora.xtec.cat\/ceip-santjordi-lleida\/wp-json\/wp\/v2\/users\/11"}],"replies":[{"embeddable":true,"href":"https:\/\/agora.xtec.cat\/ceip-santjordi-lleida\/wp-json\/wp\/v2\/comments?post=22524"}],"version-history":[{"count":2,"href":"https:\/\/agora.xtec.cat\/ceip-santjordi-lleida\/wp-json\/wp\/v2\/posts\/22524\/revisions"}],"predecessor-version":[{"id":22570,"href":"https:\/\/agora.xtec.cat\/ceip-santjordi-lleida\/wp-json\/wp\/v2\/posts\/22524\/revisions\/22570"}],"wp:featuredmedia":[{"embeddable":true,"href":"https:\/\/agora.xtec.cat\/ceip-santjordi-lleida\/wp-json\/wp\/v2\/media\/5165"}],"wp:attachment":[{"href":"https:\/\/agora.xtec.cat\/ceip-santjordi-lleida\/wp-json\/wp\/v2\/media?parent=22524"}],"wp:term":[{"taxonomy":"category","embeddable":true,"href":"https:\/\/agora.xtec.cat\/ceip-santjordi-lleida\/wp-json\/wp\/v2\/categories?post=22524"},{"taxonomy":"post_tag","embeddable":true,"href":"https:\/\/agora.xtec.cat\/ceip-santjordi-lleida\/wp-json\/wp\/v2\/tags?post=22524"}],"curies":[{"name":"wp","href":"https:\/\/api.w.org\/{rel}","templated":true}]}}