{"id":16204,"date":"2023-02-27T14:42:35","date_gmt":"2023-02-27T13:42:35","guid":{"rendered":"https:\/\/agora.xtec.cat\/ceip-santjordi-ametllademar\/?p=16204"},"modified":"2023-06-12T12:53:02","modified_gmt":"2023-06-12T10:53:02","slug":"preinscripcio-infatil-i-primaria-curs-2023-2024","status":"publish","type":"post","link":"https:\/\/agora.xtec.cat\/ceip-santjordi-ametllademar\/general\/preinscripcio-infatil-i-primaria-curs-2023-2024\/","title":{"rendered":"PREINSCRIPCI\u00d3 INFANTIL I PRIM\u00c0RIA. CURS 2023-2024."},"content":{"rendered":"<p>Benvolgudes fam\u00edlies,<\/p>\n<p>us facilitem la informaci\u00f3 per a la preinscripci\u00f3 de <strong>l&#8217;alumnat que comen\u00e7a a l&#8217;escola\u00a0 el curs 2023-2024<\/strong>. Per a la resta de l&#8217;alumnat que ja cursa estudis a l&#8217;escola, no cal fer cap tr\u00e0mit ja que la continu\u00eftat de matr\u00edcula es fa de manera autom\u00e0tica.<\/p>\n<p class=\"western\" lang=\"ca-ES\"><b>Per\u00edode:<\/b><b> <\/b>del 6 al 20 de mar\u00e7 de 2023<\/p>\n<p class=\"western\" lang=\"ca-ES\"><b>Sol\u00b7licitud:<\/b><b>\u00a0<a href=\"https:\/\/preinscripcio.gencat.cat\/ca\/inici\/\">https:\/\/preinscripcio.gencat.cat\/ca\/inici\/<\/a><\/b><\/p>\n<ul>\n<li>\n<p lang=\"ca-ES\">Totes les sol\u00b7licituds s\u00f3n en format telem\u00e0tic, per tant, <u>no<\/u><u> <\/u><u>hi<\/u><u> <\/u><u>ha<\/u><u> <\/u><u>la<\/u> <u>possibilitat de<\/u><u> <\/u><u>full de<\/u><u> <\/u><u>preinscripci\u00f3<\/u><u> <\/u><u>en<\/u><u> <\/u><u>paper<\/u>.<\/p>\n<\/li>\n<li>\n<p lang=\"ca-ES\">No cal lliurar cap documentaci\u00f3 presencialment al centre educatiu que indiqueu en primera opci\u00f3.<\/p>\n<\/li>\n<li>\n<p lang=\"ca-ES\">Hi ha dos tipus de sol\u00b7licitud:<\/p>\n<ul>\n<li>\n<p lang=\"ca-ES\"><u>Electr\u00f2nica<\/u>: cal identificaci\u00f3 digital<\/p>\n<\/li>\n<li>\n<p lang=\"ca-ES\"><u>Suport<\/u><u> <\/u><u>inform\u00e0tic<\/u>: sense identificaci\u00f3 digital<\/p>\n<\/li>\n<\/ul>\n<\/li>\n<\/ul>\n<h1 class=\"western\" lang=\"ca-ES\">Qu\u00e8 em cal per omplir la sol\u00b7licitud?<\/h1>\n<p class=\"western\" lang=\"ca-ES\">Hi ha dues opcions:<\/p>\n<ol>\n<li>\n<p lang=\"ca-ES\" align=\"justify\"><u>SOL\u00b7LICITUD ELECTR\u00d2NICA<\/u>: Mitjan\u00e7ant certificat digital, com DNI electr\u00f2nic, Cl@ve, IdCat, etc. Si no es disposa de cap certificat, us en podeu generar un de forma f\u00e0cil, l\u2019idCat M\u00f2bil, us expliquem com:<\/p>\n<\/li>\n<\/ol>\n<p class=\"western\" lang=\"ca-ES\" align=\"justify\">Cal complir els requisits seg\u00fcents:<\/p>\n<ol>\n<li style=\"list-style-type: none;\">\n<ul>\n<li>\n<p lang=\"ca-ES\">Ser major de 16 anys<\/p>\n<\/li>\n<li>\n<p lang=\"ca-ES\">Disposar de DNI\/NIE\/Passaport\/Doc identificador d\u2019un pa\u00eds de la UE o targeta de resid\u00e8ncia comunit\u00e0ria<\/p>\n<\/li>\n<li>\n<p lang=\"ca-ES\">Disposar d\u2019adre\u00e7a de correu electr\u00f2nic i un tel\u00e8fon m\u00f2bil a efectes d\u2019identificaci\u00f3 i contacte<\/p>\n<\/li>\n<li>\n<p lang=\"ca-ES\">Targeta sanit\u00e0ria per la teva identificaci\u00f3<\/p>\n<\/li>\n<\/ul>\n<\/li>\n<\/ol>\n<p class=\"western\" lang=\"ca-ES\" align=\"justify\">Accediu a l\u2019adre\u00e7a <a href=\"https:\/\/idcatmobil.seu.cat\/\"><span style=\"color: #0000ff;\"><u>https:\/\/idcatmobil.seu.cat\/<\/u><\/span><\/a> i trobareu les instruccions pas a pas de com fer-ho.<\/p>\n<p class=\"western\" lang=\"ca-ES\" align=\"justify\">Per utilitzar l\u2019idCAT M\u00f2bil nom\u00e9s cal introduir el n\u00famero de document d\u2019identitat i el n\u00famero de tel\u00e8fon m\u00f2bil en el web on calgui identificar-se electr\u00f2nicament per fer un tr\u00e0mit. Tot seguit es rep un missatge al tel\u00e8fon, que cont\u00e9 una clau d\u2019acc\u00e9s per introduir-la en el web. En aquest cas, al tr\u00e0mit de sol\u00b7licitud de preinscripci\u00f3.<\/p>\n<p class=\"western\" lang=\"ca-ES\" align=\"justify\">Una vegada identificats, caldr\u00e0 entrar el <i>n\u00famero d\u2019identificaci\u00f3 de l\u2019alumne\/a (IDALU)<\/i><i> <\/i>que us proporcionar\u00e0 l\u2019escola on est\u00e0 matriculat per poder recuperar les seves dades personals i acad\u00e8miques, omplir les prefer\u00e8ncies i enviar la sol\u00b7licitud. En la majoria de casos no caldr\u00e0 fer res m\u00e9s ni adjuntar cap tipus de documentaci\u00f3, donat que s\u2019haur\u00e0 fet l\u2019intercanvi de validaci\u00f3 de les vostres dades amb totes les administracions implicades.<\/p>\n<ol start=\"2\">\n<li>\n<p lang=\"ca-ES\" align=\"justify\"><u>SOL\u00b7LICITUD EN SUPORT INFORM\u00c0TIC<\/u>: Caldr\u00e0 identificar l\u2019alumne\/a amb el seu <i>n\u00fam.<\/i><i> <\/i><i>d\u2019Identificaci\u00f3 d\u2019alumne <\/i>i omplir el formulari, a l\u2019enviar-ho es far\u00e0 l\u2019intercanvi de dades amb les administracions implicades i adjuntar escanejada o fotografiada la documentaci\u00f3 d\u2019identificaci\u00f3 i filiaci\u00f3 (DNI, llibre de fam\u00edlia, etc), juntament amb la que al\u00b7legueu a efectes de barems i que no s\u2019hagi pogut validar.<\/p>\n<\/li>\n<\/ol>\n<p class=\"western\" lang=\"ca-ES\" align=\"justify\"><b>Puc presentar dues sol\u00b7licituds a dos centres diferents per uns mateixos estudis? <\/b>No, en cap cas. S\u2019ha de presentar una sola sol\u00b7licitud i indicar-hi per ordre de prefer\u00e8ncia els diferents centres als que us interessa inscriure la vostra filla o fill.<\/p>\n<p class=\"western\" lang=\"ca-ES\" align=\"justify\"><b>Si tinc dubtes omplint la sol\u00b7licitud on em puc adre\u00e7ar? <\/b>Podeu posar-vos en contacte telef\u00f2nic amb el centre que escolliu inscriure el vostre fill o filla en primera opci\u00f3, en horari de 09h a 15h, i us ajudaran a complimentar el proc\u00e9s.<\/p>\n<p class=\"western\" lang=\"ca-ES\" align=\"justify\"><b>Com puc saber els criteris pels barems i la seva puntuaci\u00f3? <\/b>Trobareu tota la informaci\u00f3 sobre criteris, calendari i la resta d\u2019informaci\u00f3 respecte el proc\u00e9s de preinscripci\u00f3 a la p\u00e0gina web<\/p>\n<p class=\"western\" lang=\"ca-ES\"><a href=\"https:\/\/preinscripcio.gencat.cat\/ca\/inici\/\">https:\/\/preinscripcio.gencat.cat\/ca\/inici\/<\/a><\/p>\n<h1 class=\"western\" lang=\"ca-ES\">CONSIDERACIONS:<\/h1>\n<ul>\n<li>\n<p lang=\"ca-ES\"><u>Centre<\/u><u> <\/u><u>adscrit<\/u>: Ve d\u2019un centre adscrit tot aquell alumnat de les seg\u00fcents escoles:<\/p>\n<ul>\n<li>\n<p lang=\"ca-ES\"><span style=\"color: #ff0000;\"><i>Indicar<\/i><\/span><i> <\/i><span style=\"color: #ff0000;\"><i>els<\/i><\/span><i> <\/i><span style=\"color: #ff0000;\"><i>centres<\/i><\/span><\/p>\n<\/li>\n<li>\n<p lang=\"ca-ES\"><i><\/i><u style=\"font-family: inherit; font-size: 1em;\">Domicili<\/u><u style=\"font-family: inherit; font-size: 1em;\"> <\/u><u style=\"font-family: inherit; font-size: 1em;\">familiar<\/u><u style=\"font-family: inherit; font-size: 1em;\"> <\/u><u style=\"font-family: inherit; font-size: 1em;\">o<\/u><u style=\"font-family: inherit; font-size: 1em;\"> <\/u><u style=\"font-family: inherit; font-size: 1em;\">del<\/u><u style=\"font-family: inherit; font-size: 1em;\"> <\/u><u style=\"font-family: inherit; font-size: 1em;\">lloc<\/u><u style=\"font-family: inherit; font-size: 1em;\"> <\/u><u style=\"font-family: inherit; font-size: 1em;\">de<\/u><u style=\"font-family: inherit; font-size: 1em;\"> <\/u><u style=\"font-family: inherit; font-size: 1em;\">trebal<\/u><span style=\"font-family: inherit; font-size: 1em;\">l<\/span><\/p>\n<\/li>\n<li>\n<p lang=\"ca-ES\"><span style=\"color: #ff0000;\"><i>Indicar<\/i><\/span><i> <\/i><span style=\"color: #ff0000;\"><i>les<\/i><\/span><i> <\/i><span style=\"color: #ff0000;\"><i>diferents<\/i><\/span><i> <\/i><span style=\"color: #ff0000;\"><i>opcions<\/i><\/span><\/p>\n<\/li>\n<\/ul>\n<\/li>\n<li>\n<p lang=\"ca-ES\"><u>Nova incorporaci\u00f3 al sistema<\/u><u> <\/u><u>educatiu<\/u>: nom\u00e9s afecta a alumnat provinent de fora de Catalunya o que hi porta menys de 2 anys.<\/p>\n<\/li>\n<\/ul>\n<h1 class=\"western\" lang=\"ca-ES\">INFORMACIONS I\/O RECOMANACIONS:<\/h1>\n<ul>\n<li>\n<p lang=\"ca-ES\" align=\"justify\">Tenir fotografiada o escanejada la documentaci\u00f3 en el mateix dispositiu des d\u2019on es fa la sol\u00b7licitud.<\/p>\n<\/li>\n<li>\n<p lang=\"ca-ES\" align=\"justify\"><a name=\"_GoBack\"><\/a> El codi de centre de la nostra escola \u00e9s 43000263, el necessitareu per indicar a quin centre voleu preinscriure-us.<\/p>\n<\/li>\n<li>\n<p lang=\"ca-ES\" align=\"justify\">L\u2019adre\u00e7a de correu electr\u00f2nic on us heu d\u2019adre\u00e7ar en cas de dubte \u00e9s: <span style=\"color: #000080;\"><span lang=\"zxx\"><u><a href=\"mailto:e3000263@xtec.cat\">e3000263@xtec.cat<\/a><\/u><\/span><\/span>.<\/p>\n<\/li>\n<li>\n<p lang=\"ca-ES\" align=\"justify\">El tel\u00e8fon de l\u2019escola \u00e9s 977456480.<\/p>\n<\/li>\n<li>\n<p lang=\"ca-ES\" align=\"justify\">Demaneu al vostre centre actual el N\u00fam. d\u2019Identificaci\u00f3 de l\u2019alumne (IDALU) per poder lligar la sol\u00b7licitud al seu expedient acad\u00e8mic i personal.<\/p>\n<\/li>\n<li>\n<p lang=\"ca-ES\" align=\"justify\">Cenyiu-vos al calendari establert, lliurar la sol\u00b7licitud o la documentaci\u00f3 fora de termini us fa perdre tots els drets d\u2019adscripci\u00f3 amb el risc que aix\u00f2 comporta de quedar-se sense pla\u00e7a al centre.<\/p>\n<\/li>\n<\/ul>\n<p>&nbsp;<\/p>\n<p><a href=\"https:\/\/agora.xtec.cat\/ceip-santjordi-ametllademar\/wp-content\/uploads\/usu888\/2023\/02\/preinscripcio-23-24.pdf\">preinscripcio-23-24<\/a><\/p>\n<p><a href=\"https:\/\/agora.xtec.cat\/ceip-santjordi-ametllademar\/wp-content\/uploads\/usu888\/2023\/02\/guia-preinscripcio-ca.pdf\">guia-preinscripcio-ca<\/a><\/p>\n<p>&nbsp;<\/p>\n<p>&nbsp;<\/p>\n","protected":false},"excerpt":{"rendered":"<p>Benvolgudes fam\u00edlies, us facilitem la informaci\u00f3 per a la preinscripci\u00f3 de l&#8217;alumnat que comen\u00e7a a l&#8217;escola\u00a0 el curs 2023-2024. Per a la resta de l&#8217;alumnat que ja cursa estudis a l&#8217;escola, no cal fer cap tr\u00e0mit ja que la continu\u00eftat de matr\u00edcula es fa de manera autom\u00e0tica. Per\u00edode: del 6 al 20 de mar\u00e7 de [&hellip;]<\/p>\n","protected":false},"author":34,"featured_media":16205,"comment_status":"open","ping_status":"closed","sticky":false,"template":"","format":"standard","meta":{"_bbp_topic_count":0,"_bbp_reply_count":0,"_bbp_total_topic_count":0,"_bbp_total_reply_count":0,"_bbp_voice_count":0,"_bbp_anonymous_reply_count":0,"_bbp_topic_count_hidden":0,"_bbp_reply_count_hidden":0,"_bbp_forum_subforum_count":0,"site-sidebar-layout":"default","site-content-layout":"","ast-site-content-layout":"","site-content-style":"default","site-sidebar-style":"default","ast-global-header-display":"","ast-banner-title-visibility":"","ast-main-header-display":"","ast-hfb-above-header-display":"","ast-hfb-below-header-display":"","ast-hfb-mobile-header-display":"","site-post-title":"","ast-breadcrumbs-content":"","ast-featured-img":"","footer-sml-layout":"","theme-transparent-header-meta":"","adv-header-id-meta":"","stick-header-meta":"","header-above-stick-meta":"","header-main-stick-meta":"","header-below-stick-meta":"","astra-migrate-meta-layouts":"default","ast-page-background-enabled":"default","ast-page-background-meta":{"desktop":{"background-color":"var(--ast-global-color-4)","background-image":"","background-repeat":"repeat","background-position":"center center","background-size":"auto","background-attachment":"scroll","background-type":"","background-media":"","overlay-type":"","overlay-color":"","overlay-opacity":"","overlay-gradient":""},"tablet":{"background-color":"","background-image":"","background-repeat":"repeat","background-position":"center center","background-size":"auto","background-attachment":"scroll","background-type":"","background-media":"","overlay-type":"","overlay-color":"","overlay-opacity":"","overlay-gradient":""},"mobile":{"background-color":"","background-image":"","background-repeat":"repeat","background-position":"center center","background-size":"auto","background-attachment":"scroll","background-type":"","background-media":"","overlay-type":"","overlay-color":"","overlay-opacity":"","overlay-gradient":""}},"ast-content-background-meta":{"desktop":{"background-color":"var(--ast-global-color-5)","background-image":"","background-repeat":"repeat","background-position":"center center","background-size":"auto","background-attachment":"scroll","background-type":"","background-media":"","overlay-type":"","overlay-color":"","overlay-opacity":"","overlay-gradient":""},"tablet":{"background-color":"var(--ast-global-color-5)","background-image":"","background-repeat":"repeat","background-position":"center center","background-size":"auto","background-attachment":"scroll","background-type":"","background-media":"","overlay-type":"","overlay-color":"","overlay-opacity":"","overlay-gradient":""},"mobile":{"background-color":"var(--ast-global-color-5)","background-image":"","background-repeat":"repeat","background-position":"center center","background-size":"auto","background-attachment":"scroll","background-type":"","background-media":"","overlay-type":"","overlay-color":"","overlay-opacity":"","overlay-gradient":""}},"footnotes":""},"categories":[1,4],"tags":[329],"class_list":["post-16204","post","type-post","status-publish","format-standard","has-post-thumbnail","hentry","category-general","category-portada","tag-curs-22-23"],"post_mailing_queue_ids":[],"_links":{"self":[{"href":"https:\/\/agora.xtec.cat\/ceip-santjordi-ametllademar\/wp-json\/wp\/v2\/posts\/16204","targetHints":{"allow":["GET"]}}],"collection":[{"href":"https:\/\/agora.xtec.cat\/ceip-santjordi-ametllademar\/wp-json\/wp\/v2\/posts"}],"about":[{"href":"https:\/\/agora.xtec.cat\/ceip-santjordi-ametllademar\/wp-json\/wp\/v2\/types\/post"}],"author":[{"embeddable":true,"href":"https:\/\/agora.xtec.cat\/ceip-santjordi-ametllademar\/wp-json\/wp\/v2\/users\/34"}],"replies":[{"embeddable":true,"href":"https:\/\/agora.xtec.cat\/ceip-santjordi-ametllademar\/wp-json\/wp\/v2\/comments?post=16204"}],"version-history":[{"count":3,"href":"https:\/\/agora.xtec.cat\/ceip-santjordi-ametllademar\/wp-json\/wp\/v2\/posts\/16204\/revisions"}],"predecessor-version":[{"id":16716,"href":"https:\/\/agora.xtec.cat\/ceip-santjordi-ametllademar\/wp-json\/wp\/v2\/posts\/16204\/revisions\/16716"}],"wp:featuredmedia":[{"embeddable":true,"href":"https:\/\/agora.xtec.cat\/ceip-santjordi-ametllademar\/wp-json\/wp\/v2\/media\/16205"}],"wp:attachment":[{"href":"https:\/\/agora.xtec.cat\/ceip-santjordi-ametllademar\/wp-json\/wp\/v2\/media?parent=16204"}],"wp:term":[{"taxonomy":"category","embeddable":true,"href":"https:\/\/agora.xtec.cat\/ceip-santjordi-ametllademar\/wp-json\/wp\/v2\/categories?post=16204"},{"taxonomy":"post_tag","embeddable":true,"href":"https:\/\/agora.xtec.cat\/ceip-santjordi-ametllademar\/wp-json\/wp\/v2\/tags?post=16204"}],"curies":[{"name":"wp","href":"https:\/\/api.w.org\/{rel}","templated":true}]}}