{"id":15375,"date":"2022-09-30T18:31:36","date_gmt":"2022-09-30T16:31:36","guid":{"rendered":"https:\/\/agora.xtec.cat\/ceip-santjordi-ametllademar\/?p=15375"},"modified":"2022-09-29T19:13:10","modified_gmt":"2022-09-29T17:13:10","slug":"3-projecte-erasmus-microconsorci-esam-tilc","status":"publish","type":"post","link":"https:\/\/agora.xtec.cat\/ceip-santjordi-ametllademar\/portada\/3-projecte-erasmus-microconsorci-esam-tilc\/","title":{"rendered":"3. PROJECTE ERASMUS+. MICROCONSORCI ESAM-TILC"},"content":{"rendered":"<p>A Portugal el sistema educatiu separa els nivells educatius de manera diferent. L&#8217;escola de prim\u00e0ria o de 1r cicle ( com s&#8217;anomena a Portugal) cont\u00e9 els nivells d&#8217;educaci\u00f3 infantil, cicle inicial i cicle mitj\u00e0. D&#8217;altra banda, cicle superior o 2n cicle ( con s&#8217;anomena a Portugal) queda englobat a l&#8217;etapa de secund\u00e0ria. L&#8217;agrupaci\u00f3 d&#8217;escoles que hem visitat est\u00e0 organitzada de la seg\u00fcent manera:<\/p>\n<ul>\n<li>Escola b\u00e0sica: preescolar i 1r cicle<\/li>\n<li>Escola de 2n cicle i 3r cicle amb els nivells de: 5\u00e8, 6\u00e8, 7\u00e8, 8\u00e8 i 9\u00e8.<\/li>\n<\/ul>\n<p>Aqu\u00ed a Portugal\u00a0 s&#8217;anomena secund\u00e0ria als cursos de Batxillerat.<\/p>\n<p>Les mestres que hem realitzat la mobilitat hem pogut observar durant aquests cinc dies, com es treballa i com s\u00f3n les instal\u00b7lacions dels dos edificis.<\/p>\n<p>La nostra experi\u00e8ncia ha resultat molt enriquidora i marxem de Portugal amb la motxilla ben plena d&#8217;aprenentatges que compartirem amb la resta de claustre de professors. L&#8217;equip docent portugu\u00e8s ens ha fet una molt bona acollida i acompanyament durant aquests dies.<\/p>\n<p>Us compartim una petita mostra de les moltes fotografies que hem fet.<\/p>\n<p><a href=\"https:\/\/agora.xtec.cat\/ceip-santjordi-ametllademar\/wp-content\/uploads\/usu888\/2022\/09\/d9cbe1ae-4f27-45c4-bad1-135e0da812ec.jpg\"><img loading=\"lazy\" decoding=\"async\" class=\"alignnone size-full wp-image-15376\" src=\"https:\/\/agora.xtec.cat\/ceip-santjordi-ametllademar\/wp-content\/uploads\/usu888\/2022\/09\/d9cbe1ae-4f27-45c4-bad1-135e0da812ec.jpg\" alt=\"\" width=\"640\" height=\"480\" srcset=\"https:\/\/agora.xtec.cat\/ceip-santjordi-ametllademar\/wp-content\/uploads\/usu888\/2022\/09\/d9cbe1ae-4f27-45c4-bad1-135e0da812ec.jpg 640w, https:\/\/agora.xtec.cat\/ceip-santjordi-ametllademar\/wp-content\/uploads\/usu888\/2022\/09\/d9cbe1ae-4f27-45c4-bad1-135e0da812ec-300x225.jpg 300w, https:\/\/agora.xtec.cat\/ceip-santjordi-ametllademar\/wp-content\/uploads\/usu888\/2022\/09\/d9cbe1ae-4f27-45c4-bad1-135e0da812ec-200x150.jpg 200w\" sizes=\"auto, (max-width: 640px) 100vw, 640px\" \/><\/a> <a href=\"https:\/\/agora.xtec.cat\/ceip-santjordi-ametllademar\/wp-content\/uploads\/usu888\/2022\/09\/e9510d8f-4a5f-4272-9f79-99c8df2c4a14.jpg\"><img loading=\"lazy\" decoding=\"async\" class=\"alignnone size-large wp-image-15377\" src=\"https:\/\/agora.xtec.cat\/ceip-santjordi-ametllademar\/wp-content\/uploads\/usu888\/2022\/09\/e9510d8f-4a5f-4272-9f79-99c8df2c4a14-1024x768.jpg\" alt=\"\" width=\"1024\" height=\"768\" srcset=\"https:\/\/agora.xtec.cat\/ceip-santjordi-ametllademar\/wp-content\/uploads\/usu888\/2022\/09\/e9510d8f-4a5f-4272-9f79-99c8df2c4a14-1024x768.jpg 1024w, https:\/\/agora.xtec.cat\/ceip-santjordi-ametllademar\/wp-content\/uploads\/usu888\/2022\/09\/e9510d8f-4a5f-4272-9f79-99c8df2c4a14-300x225.jpg 300w, https:\/\/agora.xtec.cat\/ceip-santjordi-ametllademar\/wp-content\/uploads\/usu888\/2022\/09\/e9510d8f-4a5f-4272-9f79-99c8df2c4a14-768x576.jpg 768w, https:\/\/agora.xtec.cat\/ceip-santjordi-ametllademar\/wp-content\/uploads\/usu888\/2022\/09\/e9510d8f-4a5f-4272-9f79-99c8df2c4a14-1536x1152.jpg 1536w, https:\/\/agora.xtec.cat\/ceip-santjordi-ametllademar\/wp-content\/uploads\/usu888\/2022\/09\/e9510d8f-4a5f-4272-9f79-99c8df2c4a14-200x150.jpg 200w, https:\/\/agora.xtec.cat\/ceip-santjordi-ametllademar\/wp-content\/uploads\/usu888\/2022\/09\/e9510d8f-4a5f-4272-9f79-99c8df2c4a14.jpg 1600w\" sizes=\"auto, (max-width: 1024px) 100vw, 1024px\" \/><\/a><\/p>\n<p><a href=\"https:\/\/agora.xtec.cat\/ceip-santjordi-ametllademar\/wp-content\/uploads\/usu888\/2022\/09\/IMG-5603-scaled.jpg\"><img loading=\"lazy\" decoding=\"async\" class=\"alignnone size-large wp-image-15378\" src=\"https:\/\/agora.xtec.cat\/ceip-santjordi-ametllademar\/wp-content\/uploads\/usu888\/2022\/09\/IMG-5603-768x1024.jpg\" alt=\"\" width=\"768\" height=\"1024\" srcset=\"https:\/\/agora.xtec.cat\/ceip-santjordi-ametllademar\/wp-content\/uploads\/usu888\/2022\/09\/IMG-5603-768x1024.jpg 768w, https:\/\/agora.xtec.cat\/ceip-santjordi-ametllademar\/wp-content\/uploads\/usu888\/2022\/09\/IMG-5603-225x300.jpg 225w, https:\/\/agora.xtec.cat\/ceip-santjordi-ametllademar\/wp-content\/uploads\/usu888\/2022\/09\/IMG-5603-1152x1536.jpg 1152w, https:\/\/agora.xtec.cat\/ceip-santjordi-ametllademar\/wp-content\/uploads\/usu888\/2022\/09\/IMG-5603-1536x2048.jpg 1536w, https:\/\/agora.xtec.cat\/ceip-santjordi-ametllademar\/wp-content\/uploads\/usu888\/2022\/09\/IMG-5603-scaled.jpg 1920w\" sizes=\"auto, (max-width: 768px) 100vw, 768px\" \/><\/a><\/p>\n<p><a href=\"https:\/\/agora.xtec.cat\/ceip-santjordi-ametllademar\/wp-content\/uploads\/usu888\/2022\/09\/IMG-5771.jpg\"><img loading=\"lazy\" decoding=\"async\" class=\"alignnone size-large wp-image-15379\" src=\"https:\/\/agora.xtec.cat\/ceip-santjordi-ametllademar\/wp-content\/uploads\/usu888\/2022\/09\/IMG-5771-775x1024.jpg\" alt=\"\" width=\"775\" height=\"1024\" srcset=\"https:\/\/agora.xtec.cat\/ceip-santjordi-ametllademar\/wp-content\/uploads\/usu888\/2022\/09\/IMG-5771-775x1024.jpg 775w, https:\/\/agora.xtec.cat\/ceip-santjordi-ametllademar\/wp-content\/uploads\/usu888\/2022\/09\/IMG-5771-227x300.jpg 227w, https:\/\/agora.xtec.cat\/ceip-santjordi-ametllademar\/wp-content\/uploads\/usu888\/2022\/09\/IMG-5771-768x1015.jpg 768w, https:\/\/agora.xtec.cat\/ceip-santjordi-ametllademar\/wp-content\/uploads\/usu888\/2022\/09\/IMG-5771-1162x1536.jpg 1162w, https:\/\/agora.xtec.cat\/ceip-santjordi-ametllademar\/wp-content\/uploads\/usu888\/2022\/09\/IMG-5771.jpg 1170w\" sizes=\"auto, (max-width: 775px) 100vw, 775px\" \/><\/a> <a href=\"https:\/\/agora.xtec.cat\/ceip-santjordi-ametllademar\/wp-content\/uploads\/usu888\/2022\/09\/IMG-5772.jpg\"><img loading=\"lazy\" decoding=\"async\" class=\"alignnone size-large wp-image-15380\" src=\"https:\/\/agora.xtec.cat\/ceip-santjordi-ametllademar\/wp-content\/uploads\/usu888\/2022\/09\/IMG-5772-1024x756.jpg\" alt=\"\" width=\"1024\" height=\"756\" srcset=\"https:\/\/agora.xtec.cat\/ceip-santjordi-ametllademar\/wp-content\/uploads\/usu888\/2022\/09\/IMG-5772-1024x756.jpg 1024w, https:\/\/agora.xtec.cat\/ceip-santjordi-ametllademar\/wp-content\/uploads\/usu888\/2022\/09\/IMG-5772-300x222.jpg 300w, https:\/\/agora.xtec.cat\/ceip-santjordi-ametllademar\/wp-content\/uploads\/usu888\/2022\/09\/IMG-5772-768x567.jpg 768w, https:\/\/agora.xtec.cat\/ceip-santjordi-ametllademar\/wp-content\/uploads\/usu888\/2022\/09\/IMG-5772.jpg 1170w\" sizes=\"auto, (max-width: 1024px) 100vw, 1024px\" \/><\/a> <a href=\"https:\/\/agora.xtec.cat\/ceip-santjordi-ametllademar\/wp-content\/uploads\/usu888\/2022\/09\/IMG-5775.jpg\"><img loading=\"lazy\" decoding=\"async\" class=\"alignnone size-large wp-image-15381\" src=\"https:\/\/agora.xtec.cat\/ceip-santjordi-ametllademar\/wp-content\/uploads\/usu888\/2022\/09\/IMG-5775-1024x765.jpg\" alt=\"\" width=\"1024\" height=\"765\" srcset=\"https:\/\/agora.xtec.cat\/ceip-santjordi-ametllademar\/wp-content\/uploads\/usu888\/2022\/09\/IMG-5775-1024x765.jpg 1024w, https:\/\/agora.xtec.cat\/ceip-santjordi-ametllademar\/wp-content\/uploads\/usu888\/2022\/09\/IMG-5775-300x224.jpg 300w, https:\/\/agora.xtec.cat\/ceip-santjordi-ametllademar\/wp-content\/uploads\/usu888\/2022\/09\/IMG-5775-768x574.jpg 768w, https:\/\/agora.xtec.cat\/ceip-santjordi-ametllademar\/wp-content\/uploads\/usu888\/2022\/09\/IMG-5775-200x150.jpg 200w, https:\/\/agora.xtec.cat\/ceip-santjordi-ametllademar\/wp-content\/uploads\/usu888\/2022\/09\/IMG-5775.jpg 1170w\" sizes=\"auto, (max-width: 1024px) 100vw, 1024px\" \/><\/a> <a href=\"https:\/\/agora.xtec.cat\/ceip-santjordi-ametllademar\/wp-content\/uploads\/usu888\/2022\/09\/IMG-5776.jpg\"><img loading=\"lazy\" decoding=\"async\" class=\"alignnone size-large wp-image-15382\" src=\"https:\/\/agora.xtec.cat\/ceip-santjordi-ametllademar\/wp-content\/uploads\/usu888\/2022\/09\/IMG-5776-1024x735.jpg\" alt=\"\" width=\"1024\" height=\"735\" srcset=\"https:\/\/agora.xtec.cat\/ceip-santjordi-ametllademar\/wp-content\/uploads\/usu888\/2022\/09\/IMG-5776-1024x735.jpg 1024w, https:\/\/agora.xtec.cat\/ceip-santjordi-ametllademar\/wp-content\/uploads\/usu888\/2022\/09\/IMG-5776-300x215.jpg 300w, https:\/\/agora.xtec.cat\/ceip-santjordi-ametllademar\/wp-content\/uploads\/usu888\/2022\/09\/IMG-5776-768x551.jpg 768w, https:\/\/agora.xtec.cat\/ceip-santjordi-ametllademar\/wp-content\/uploads\/usu888\/2022\/09\/IMG-5776.jpg 1170w\" sizes=\"auto, (max-width: 1024px) 100vw, 1024px\" \/><\/a> <a href=\"https:\/\/agora.xtec.cat\/ceip-santjordi-ametllademar\/wp-content\/uploads\/usu888\/2022\/09\/IMG-5773.jpg\"><img loading=\"lazy\" decoding=\"async\" class=\"alignnone size-large wp-image-15383\" src=\"https:\/\/agora.xtec.cat\/ceip-santjordi-ametllademar\/wp-content\/uploads\/usu888\/2022\/09\/IMG-5773-777x1024.jpg\" alt=\"\" width=\"777\" height=\"1024\" srcset=\"https:\/\/agora.xtec.cat\/ceip-santjordi-ametllademar\/wp-content\/uploads\/usu888\/2022\/09\/IMG-5773-777x1024.jpg 777w, https:\/\/agora.xtec.cat\/ceip-santjordi-ametllademar\/wp-content\/uploads\/usu888\/2022\/09\/IMG-5773-228x300.jpg 228w, https:\/\/agora.xtec.cat\/ceip-santjordi-ametllademar\/wp-content\/uploads\/usu888\/2022\/09\/IMG-5773-768x1012.jpg 768w, https:\/\/agora.xtec.cat\/ceip-santjordi-ametllademar\/wp-content\/uploads\/usu888\/2022\/09\/IMG-5773-1166x1536.jpg 1166w, https:\/\/agora.xtec.cat\/ceip-santjordi-ametllademar\/wp-content\/uploads\/usu888\/2022\/09\/IMG-5773.jpg 1170w\" sizes=\"auto, (max-width: 777px) 100vw, 777px\" \/><\/a> <a href=\"https:\/\/agora.xtec.cat\/ceip-santjordi-ametllademar\/wp-content\/uploads\/usu888\/2022\/09\/IMG-5774.jpg\"><img loading=\"lazy\" decoding=\"async\" class=\"alignnone size-large wp-image-15384\" src=\"https:\/\/agora.xtec.cat\/ceip-santjordi-ametllademar\/wp-content\/uploads\/usu888\/2022\/09\/IMG-5774-781x1024.jpg\" alt=\"\" width=\"781\" height=\"1024\" srcset=\"https:\/\/agora.xtec.cat\/ceip-santjordi-ametllademar\/wp-content\/uploads\/usu888\/2022\/09\/IMG-5774-781x1024.jpg 781w, https:\/\/agora.xtec.cat\/ceip-santjordi-ametllademar\/wp-content\/uploads\/usu888\/2022\/09\/IMG-5774-229x300.jpg 229w, https:\/\/agora.xtec.cat\/ceip-santjordi-ametllademar\/wp-content\/uploads\/usu888\/2022\/09\/IMG-5774-768x1008.jpg 768w, https:\/\/agora.xtec.cat\/ceip-santjordi-ametllademar\/wp-content\/uploads\/usu888\/2022\/09\/IMG-5774.jpg 1170w\" sizes=\"auto, (max-width: 781px) 100vw, 781px\" \/><\/a> <a href=\"https:\/\/agora.xtec.cat\/ceip-santjordi-ametllademar\/wp-content\/uploads\/usu888\/2022\/09\/IMG-5777.jpg\"><img loading=\"lazy\" decoding=\"async\" class=\"alignnone size-large wp-image-15385\" src=\"https:\/\/agora.xtec.cat\/ceip-santjordi-ametllademar\/wp-content\/uploads\/usu888\/2022\/09\/IMG-5777-1024x733.jpg\" alt=\"\" width=\"1024\" height=\"733\" srcset=\"https:\/\/agora.xtec.cat\/ceip-santjordi-ametllademar\/wp-content\/uploads\/usu888\/2022\/09\/IMG-5777-1024x733.jpg 1024w, https:\/\/agora.xtec.cat\/ceip-santjordi-ametllademar\/wp-content\/uploads\/usu888\/2022\/09\/IMG-5777-300x215.jpg 300w, https:\/\/agora.xtec.cat\/ceip-santjordi-ametllademar\/wp-content\/uploads\/usu888\/2022\/09\/IMG-5777-768x549.jpg 768w, https:\/\/agora.xtec.cat\/ceip-santjordi-ametllademar\/wp-content\/uploads\/usu888\/2022\/09\/IMG-5777.jpg 1170w\" sizes=\"auto, (max-width: 1024px) 100vw, 1024px\" \/><\/a><\/p>\n<p>&nbsp;<\/p>\n","protected":false},"excerpt":{"rendered":"<p>A Portugal el sistema educatiu separa els nivells educatius de manera diferent. L&#8217;escola de prim\u00e0ria o de 1r cicle ( com s&#8217;anomena a Portugal) cont\u00e9 els nivells d&#8217;educaci\u00f3 infantil, cicle inicial i cicle mitj\u00e0. D&#8217;altra banda, cicle superior o 2n cicle ( con s&#8217;anomena a Portugal) queda englobat a l&#8217;etapa de secund\u00e0ria. L&#8217;agrupaci\u00f3 d&#8217;escoles que [&hellip;]<\/p>\n","protected":false},"author":34,"featured_media":15350,"comment_status":"open","ping_status":"closed","sticky":false,"template":"","format":"standard","meta":{"_bbp_topic_count":0,"_bbp_reply_count":0,"_bbp_total_topic_count":0,"_bbp_total_reply_count":0,"_bbp_voice_count":0,"_bbp_anonymous_reply_count":0,"_bbp_topic_count_hidden":0,"_bbp_reply_count_hidden":0,"_bbp_forum_subforum_count":0,"site-sidebar-layout":"default","site-content-layout":"","ast-site-content-layout":"","site-content-style":"default","site-sidebar-style":"default","ast-global-header-display":"","ast-banner-title-visibility":"","ast-main-header-display":"","ast-hfb-above-header-display":"","ast-hfb-below-header-display":"","ast-hfb-mobile-header-display":"","site-post-title":"","ast-breadcrumbs-content":"","ast-featured-img":"","footer-sml-layout":"","theme-transparent-header-meta":"","adv-header-id-meta":"","stick-header-meta":"","header-above-stick-meta":"","header-main-stick-meta":"","header-below-stick-meta":"","astra-migrate-meta-layouts":"default","ast-page-background-enabled":"default","ast-page-background-meta":{"desktop":{"background-color":"var(--ast-global-color-4)","background-image":"","background-repeat":"repeat","background-position":"center center","background-size":"auto","background-attachment":"scroll","background-type":"","background-media":"","overlay-type":"","overlay-color":"","overlay-opacity":"","overlay-gradient":""},"tablet":{"background-color":"","background-image":"","background-repeat":"repeat","background-position":"center center","background-size":"auto","background-attachment":"scroll","background-type":"","background-media":"","overlay-type":"","overlay-color":"","overlay-opacity":"","overlay-gradient":""},"mobile":{"background-color":"","background-image":"","background-repeat":"repeat","background-position":"center center","background-size":"auto","background-attachment":"scroll","background-type":"","background-media":"","overlay-type":"","overlay-color":"","overlay-opacity":"","overlay-gradient":""}},"ast-content-background-meta":{"desktop":{"background-color":"var(--ast-global-color-5)","background-image":"","background-repeat":"repeat","background-position":"center center","background-size":"auto","background-attachment":"scroll","background-type":"","background-media":"","overlay-type":"","overlay-color":"","overlay-opacity":"","overlay-gradient":""},"tablet":{"background-color":"var(--ast-global-color-5)","background-image":"","background-repeat":"repeat","background-position":"center center","background-size":"auto","background-attachment":"scroll","background-type":"","background-media":"","overlay-type":"","overlay-color":"","overlay-opacity":"","overlay-gradient":""},"mobile":{"background-color":"var(--ast-global-color-5)","background-image":"","background-repeat":"repeat","background-position":"center center","background-size":"auto","background-attachment":"scroll","background-type":"","background-media":"","overlay-type":"","overlay-color":"","overlay-opacity":"","overlay-gradient":""}},"footnotes":""},"categories":[320,4],"tags":[329],"class_list":["post-15375","post","type-post","status-publish","format-standard","has-post-thumbnail","hentry","category-erasmus","category-portada","tag-curs-22-23"],"post_mailing_queue_ids":[],"_links":{"self":[{"href":"https:\/\/agora.xtec.cat\/ceip-santjordi-ametllademar\/wp-json\/wp\/v2\/posts\/15375","targetHints":{"allow":["GET"]}}],"collection":[{"href":"https:\/\/agora.xtec.cat\/ceip-santjordi-ametllademar\/wp-json\/wp\/v2\/posts"}],"about":[{"href":"https:\/\/agora.xtec.cat\/ceip-santjordi-ametllademar\/wp-json\/wp\/v2\/types\/post"}],"author":[{"embeddable":true,"href":"https:\/\/agora.xtec.cat\/ceip-santjordi-ametllademar\/wp-json\/wp\/v2\/users\/34"}],"replies":[{"embeddable":true,"href":"https:\/\/agora.xtec.cat\/ceip-santjordi-ametllademar\/wp-json\/wp\/v2\/comments?post=15375"}],"version-history":[{"count":1,"href":"https:\/\/agora.xtec.cat\/ceip-santjordi-ametllademar\/wp-json\/wp\/v2\/posts\/15375\/revisions"}],"predecessor-version":[{"id":15386,"href":"https:\/\/agora.xtec.cat\/ceip-santjordi-ametllademar\/wp-json\/wp\/v2\/posts\/15375\/revisions\/15386"}],"wp:featuredmedia":[{"embeddable":true,"href":"https:\/\/agora.xtec.cat\/ceip-santjordi-ametllademar\/wp-json\/wp\/v2\/media\/15350"}],"wp:attachment":[{"href":"https:\/\/agora.xtec.cat\/ceip-santjordi-ametllademar\/wp-json\/wp\/v2\/media?parent=15375"}],"wp:term":[{"taxonomy":"category","embeddable":true,"href":"https:\/\/agora.xtec.cat\/ceip-santjordi-ametllademar\/wp-json\/wp\/v2\/categories?post=15375"},{"taxonomy":"post_tag","embeddable":true,"href":"https:\/\/agora.xtec.cat\/ceip-santjordi-ametllademar\/wp-json\/wp\/v2\/tags?post=15375"}],"curies":[{"name":"wp","href":"https:\/\/api.w.org\/{rel}","templated":true}]}}