{"id":11057,"date":"2019-05-02T10:58:13","date_gmt":"2019-05-02T08:58:13","guid":{"rendered":"http:\/\/agora.xtec.cat\/ceip-santjordi-ametllademar\/?p=11057"},"modified":"2025-09-28T00:27:31","modified_gmt":"2025-09-27T22:27:31","slug":"aqui-prou-bullying","status":"publish","type":"post","link":"https:\/\/agora.xtec.cat\/ceip-santjordi-ametllademar\/general\/aqui-prou-bullying\/","title":{"rendered":"Aqu\u00ed prou bullying!"},"content":{"rendered":"<h2><\/h2>\n<p><a href=\"https:\/\/agora.xtec.cat\/ceip-santjordi-ametllademar\/wp-content\/uploads\/usu888\/2019\/05\/bullying2.png\"><img loading=\"lazy\" decoding=\"async\" class=\"size-full wp-image-11059 aligncenter\" src=\"https:\/\/agora.xtec.cat\/ceip-santjordi-ametllademar\/wp-content\/uploads\/usu888\/2019\/05\/bullying2.png\" alt=\"\" width=\"225\" height=\"225\" srcset=\"https:\/\/agora.xtec.cat\/ceip-santjordi-ametllademar\/wp-content\/uploads\/usu888\/2019\/05\/bullying2.png 225w, https:\/\/agora.xtec.cat\/ceip-santjordi-ametllademar\/wp-content\/uploads\/usu888\/2019\/05\/bullying2-150x150.png 150w\" sizes=\"auto, (max-width: 225px) 100vw, 225px\" \/><\/a><\/p>\n<p>&nbsp;<\/p>\n<h2><span style=\"font-weight: 400;\">Aqu\u00ed prou bullying!<\/span><\/h2>\n<p><span style=\"font-weight: 400;\">Avui 2 de maig, Dia Internacional Contra l\u2019Assetjament Escolar, l\u2019alumnat de cinqu\u00e8 en aquest article us expliquem que \u00e9s el bullying, com l\u2019escola treballa amb els equips de conviv\u00e8ncia i qu\u00e8 pot fer cadasc\u00fa de nosaltres per evitar aquesta forma de viol\u00e8ncia escolar.<\/span><\/p>\n<p><span style=\"font-weight: 400;\">El bullying \u00e9s un comportament abusiu entre iguals, a l\u2019escola entre l\u2019alumnat del centre, \u00a0com pegar, espentejar, escopinyar, insultar, ridiculitzar, amena\u00e7ar, ignorar i fins i tot a\u00efllar, per\u00f2 no un dia puntual, sin\u00f3 repetint aquest comportament al llarg del temps. Sempre en l\u2019assetjament escolar hi ha implicades diferents tipus de persones: les agresores, la v\u00edctima o les v\u00edctimes i les espectadores.<\/span><\/p>\n<p><span style=\"font-weight: 400;\">Una variant del bullying es el cyber bullying que \u00e9s parlar malament d\u2019alg\u00fa, excloure\u2019l de les xarxes socials o amena\u00e7ar-lo. a trav\u00e9s d\u2019elles.<\/span><\/p>\n<p><span style=\"font-weight: 400;\">La nostra escola enguany compta amb els equips de conviv\u00e8ncia que s\u00f3n alumnes de sis\u00e8 que per torns, a l\u2019hora d\u2019esbarjo, i amb una armilla roja perqu\u00e8 tothom els pugui identificar vigilen que no es doni cap situaci\u00f3 d\u2019ab\u00fas. Si hi ha algun incident intervenen i prenen nota a la llibreta per informar-ne als mestres. <\/span><\/p>\n<p><span style=\"font-weight: 400;\">\u00c9s important que nosaltres no es quedem passius davant d\u2019aix\u00f2, per la qual cosa hem de:<\/span><\/p>\n<ul>\n<li style=\"font-weight: 400;\"><span style=\"font-weight: 400;\">No ser ni espectadors ni espectadores, aix\u00f2 vol dir que hem de donar av\u00eds als adults perqu\u00e8 s\u00e0piguen de seguida qu\u00e8 passa. Tamb\u00e9 vol dir que no hem de deixar sola a la v\u00edctima, que li hem de fer costat i acompanyar-la perqu\u00e8 no se senti sola.<\/span><\/li>\n<li style=\"font-weight: 400;\"><span style=\"font-weight: 400;\">Hem de solucionar les nostres difer\u00e8ncies sense cap forma de viol\u00e8ncia i respectant sempre a l\u2019altra persona.<\/span><\/li>\n<\/ul>\n<p><span style=\"font-weight: 400;\">Alumnes de 5\u00e8 A<\/span><\/p>\n<h2><span style=\"color: #ff0000;\">ALTRES ARTICLES RELACIONATS<\/span><\/h2>\n<h1 class=\"entry-title\"><a href=\"https:\/\/agora.xtec.cat\/ceip-santjordi-ametllademar\/general\/xerrades-cafe-en-familia-i-aquiproubullying\/\">Xerrades \u201cCaf\u00e8 en fam\u00edlia\u201d i #aquiproubullying<\/a><\/h1>\n<p>&nbsp;<\/p>\n<h1 class=\"entry-title\"><a href=\"https:\/\/agora.xtec.cat\/ceip-santjordi-ametllademar\/general\/radio-sant-jordi-i-tu-que-en-penses-programa-2-aqui-prou-bullying\/\">R\u00c0DIO SANT JORDI. I tu, qu\u00e8 en penses? Programa 2: Aqu\u00ed prou bullying.<\/a><\/h1>\n<p>&nbsp;<\/p>\n","protected":false},"excerpt":{"rendered":"<p>&nbsp; Aqu\u00ed prou bullying! Avui 2 de maig, Dia Internacional Contra l\u2019Assetjament Escolar, l\u2019alumnat de cinqu\u00e8 en aquest article us expliquem que \u00e9s el bullying, com l\u2019escola treballa amb els equips de conviv\u00e8ncia i qu\u00e8 pot fer cadasc\u00fa de nosaltres per evitar aquesta forma de viol\u00e8ncia escolar. El bullying \u00e9s un comportament abusiu entre iguals, [&hellip;]<\/p>\n","protected":false},"author":79,"featured_media":11058,"comment_status":"open","ping_status":"closed","sticky":false,"template":"","format":"standard","meta":{"_bbp_topic_count":0,"_bbp_reply_count":0,"_bbp_total_topic_count":0,"_bbp_total_reply_count":0,"_bbp_voice_count":0,"_bbp_anonymous_reply_count":0,"_bbp_topic_count_hidden":0,"_bbp_reply_count_hidden":0,"_bbp_forum_subforum_count":0,"site-sidebar-layout":"default","site-content-layout":"","ast-site-content-layout":"default","site-content-style":"default","site-sidebar-style":"default","ast-global-header-display":"","ast-banner-title-visibility":"","ast-main-header-display":"","ast-hfb-above-header-display":"","ast-hfb-below-header-display":"","ast-hfb-mobile-header-display":"","site-post-title":"","ast-breadcrumbs-content":"","ast-featured-img":"","footer-sml-layout":"","theme-transparent-header-meta":"default","adv-header-id-meta":"","stick-header-meta":"","header-above-stick-meta":"","header-main-stick-meta":"","header-below-stick-meta":"","astra-migrate-meta-layouts":"set","ast-page-background-enabled":"default","ast-page-background-meta":{"desktop":{"background-color":"var(--ast-global-color-4)","background-image":"","background-repeat":"repeat","background-position":"center center","background-size":"auto","background-attachment":"scroll","background-type":"","background-media":"","overlay-type":"","overlay-color":"","overlay-opacity":"","overlay-gradient":""},"tablet":{"background-color":"","background-image":"","background-repeat":"repeat","background-position":"center center","background-size":"auto","background-attachment":"scroll","background-type":"","background-media":"","overlay-type":"","overlay-color":"","overlay-opacity":"","overlay-gradient":""},"mobile":{"background-color":"","background-image":"","background-repeat":"repeat","background-position":"center center","background-size":"auto","background-attachment":"scroll","background-type":"","background-media":"","overlay-type":"","overlay-color":"","overlay-opacity":"","overlay-gradient":""}},"ast-content-background-meta":{"desktop":{"background-color":"var(--ast-global-color-5)","background-image":"","background-repeat":"repeat","background-position":"center center","background-size":"auto","background-attachment":"scroll","background-type":"","background-media":"","overlay-type":"","overlay-color":"","overlay-opacity":"","overlay-gradient":""},"tablet":{"background-color":"var(--ast-global-color-5)","background-image":"","background-repeat":"repeat","background-position":"center center","background-size":"auto","background-attachment":"scroll","background-type":"","background-media":"","overlay-type":"","overlay-color":"","overlay-opacity":"","overlay-gradient":""},"mobile":{"background-color":"var(--ast-global-color-5)","background-image":"","background-repeat":"repeat","background-position":"center center","background-size":"auto","background-attachment":"scroll","background-type":"","background-media":"","overlay-type":"","overlay-color":"","overlay-opacity":"","overlay-gradient":""}},"footnotes":""},"categories":[91,1,4],"tags":[266],"class_list":["post-11057","post","type-post","status-publish","format-standard","has-post-thumbnail","hentry","category-cs","category-general","category-portada","tag-curs-2018-2019"],"post_mailing_queue_ids":[],"_links":{"self":[{"href":"https:\/\/agora.xtec.cat\/ceip-santjordi-ametllademar\/wp-json\/wp\/v2\/posts\/11057","targetHints":{"allow":["GET"]}}],"collection":[{"href":"https:\/\/agora.xtec.cat\/ceip-santjordi-ametllademar\/wp-json\/wp\/v2\/posts"}],"about":[{"href":"https:\/\/agora.xtec.cat\/ceip-santjordi-ametllademar\/wp-json\/wp\/v2\/types\/post"}],"author":[{"embeddable":true,"href":"https:\/\/agora.xtec.cat\/ceip-santjordi-ametllademar\/wp-json\/wp\/v2\/users\/79"}],"replies":[{"embeddable":true,"href":"https:\/\/agora.xtec.cat\/ceip-santjordi-ametllademar\/wp-json\/wp\/v2\/comments?post=11057"}],"version-history":[{"count":6,"href":"https:\/\/agora.xtec.cat\/ceip-santjordi-ametllademar\/wp-json\/wp\/v2\/posts\/11057\/revisions"}],"predecessor-version":[{"id":18175,"href":"https:\/\/agora.xtec.cat\/ceip-santjordi-ametllademar\/wp-json\/wp\/v2\/posts\/11057\/revisions\/18175"}],"wp:featuredmedia":[{"embeddable":true,"href":"https:\/\/agora.xtec.cat\/ceip-santjordi-ametllademar\/wp-json\/wp\/v2\/media\/11058"}],"wp:attachment":[{"href":"https:\/\/agora.xtec.cat\/ceip-santjordi-ametllademar\/wp-json\/wp\/v2\/media?parent=11057"}],"wp:term":[{"taxonomy":"category","embeddable":true,"href":"https:\/\/agora.xtec.cat\/ceip-santjordi-ametllademar\/wp-json\/wp\/v2\/categories?post=11057"},{"taxonomy":"post_tag","embeddable":true,"href":"https:\/\/agora.xtec.cat\/ceip-santjordi-ametllademar\/wp-json\/wp\/v2\/tags?post=11057"}],"curies":[{"name":"wp","href":"https:\/\/api.w.org\/{rel}","templated":true}]}}