{"id":5744,"date":"2026-02-27T11:32:07","date_gmt":"2026-02-27T10:32:07","guid":{"rendered":"https:\/\/agora.xtec.cat\/ceip-santjeroni\/?p=5744"},"modified":"2026-02-27T11:53:22","modified_gmt":"2026-02-27T10:53:22","slug":"ajuts-de-necessitats-educatives-especials-curs-2025-26-resolucio-de-concessio-i-o-denegacio-4e2025","status":"publish","type":"post","link":"https:\/\/agora.xtec.cat\/ceip-santjeroni\/general\/ajuts-de-necessitats-educatives-especials-curs-2025-26-resolucio-de-concessio-i-o-denegacio-4e2025\/","title":{"rendered":"Ajuts de Necessitats Educatives Especials curs 2025\/26. Resoluci\u00f3 de concessi\u00f3 i\/o denegaci\u00f3 4E2025."},"content":{"rendered":"<div>\n<p>Benvolgudes fam\u00edlies,<\/p>\n<p>Us informem sobre la concessi\u00f3 <b>d&#8217;ajuts de Necessitats Educatives Especials\u00a0<\/b>de la convocat\u00f2ria del\u00a0<b>curs 2025-2026<\/b>, i us adjuntem la relaci\u00f3 de les Resoluci\u00f3 de concessi\u00f3 i\/o denegaci\u00f3 <b>4E2025,\u00a0<\/b>corresponent a la proposta 4.<br \/>\n<span style=\"color: #ffffff;\">.<\/span><br \/>\n<a href=\"https:\/\/agora.xtec.cat\/ceip-santjeroni\/wp-content\/uploads\/usu1502\/2026\/02\/08027146_2025_Resolucio4_AP_Tauler.pdf\">Llistat\u00a0<\/a><br \/>\n<span style=\"color: #ffffff;\">.<\/span><\/p>\n<\/div>\n<ul>\n<li>Termini\u00a0 per presentar recurs<b>: Un mes a partir de la comunicaci\u00f3 als usuaris.<\/b><\/li>\n<\/ul>\n<div><b>\u00a0*Presentaci\u00f3 d&#8217;al\u00b7legacions<\/b>:<br \/>\n<span style=\"color: #ffffff;\">.<\/span><\/div>\n<ol start=\"1\">\n<li><u>Descarregueu l&#8217;impr\u00e8s que trobareu a:<\/u><b>\u00a0 \u00a0<\/b><span role=\"presentation\"><b><a id=\"m_5698142999626460478m_896578089675823213OWA2387fe86-68c4-e93d-ba1b-9a5e34aa0c8b\" title=\"https:\/\/documents.espai.educacio.gencat.cat\/FormularisModels\/CentresAjutsServeis\/A363.pdf\" href=\"https:\/\/documents.espai.educacio.gencat.cat\/FormularisModels\/CentresAjutsServeis\/A363.pdf\" target=\"_blank\" rel=\"noopener noreferrer noreferrer\" data-saferedirecturl=\"https:\/\/www.google.com\/url?q=https:\/\/documents.espai.educacio.gencat.cat\/FormularisModels\/CentresAjutsServeis\/A363.pdf&amp;source=gmail&amp;ust=1772188263710000&amp;usg=AOvVaw3uhgIMNgC464eJlUZKgSw_\">Recurs de Reposici\u00f3<\/a><br \/>\n<span style=\"color: #ffffff;\">.<\/span><\/b><\/span><\/li>\n<li>Adjunteu els documents que estimeu convenients per justificar les al\u00b7legacions.<br \/>\n<span style=\"color: #ffffff;\">.<\/span><\/li>\n<li>Opteu per una de les vies seg\u00fcents per tal de fer arribar aquesta documentaci\u00f3 l&#8217;Administraci\u00f3:<\/li>\n<\/ol>\n<div>\u2002\u2002\u2002\u2002\u2002- A trav\u00e9s d&#8217;una petici\u00f3 gen\u00e8rica amb signatura electr\u00f2nica, clicant en aquest enlla\u00e7:\u00a0<b><b><a id=\"m_5698142999626460478m_896578089675823213OWA7f674cdc-abb4-e2e6-1068-cb7cfb327048\" title=\"https:\/\/web.gencat.cat\/ca\/tramits\/tramits-temes\/Peticio-generica\" href=\"https:\/\/web.gencat.cat\/ca\/tramits\/tramits-temes\/Peticio-generica\" target=\"_blank\" rel=\"noopener noreferrer noreferrer\" data-saferedirecturl=\"https:\/\/www.google.com\/url?q=https:\/\/web.gencat.cat\/ca\/tramits\/tramits-temes\/Peticio-generica&amp;source=gmail&amp;ust=1772188263710000&amp;usg=AOvVaw2UN6f_mzoMo0OrcBcnjy3V\">Petici\u00f3 gen\u00e8rica\u00a0<\/a><br \/>\n<span style=\"color: #ffffff;\">.<\/span><\/b><\/b><\/div>\n<div>\u2002\u2002\u2002\u2002\u2002- A trav\u00e9s de les oficines de correus, per correu postal certificat adre\u00e7at als Serveis Territorials del Departament d&#8217;Educaci\u00f3 i Formaci\u00f3 Professional que us corresponguin.<br \/>\n<span style=\"color: #ffffff;\">.<\/span><\/div>\n<div>\n<p>\u2002\u2002\u2002\u2002\u2002- O b\u00e9, presencialment al registre dels Serveis Territorials (de dilluns a divendres de 9h a 14h, sense necessitat de cita pr\u00e8via).<\/p>\n<p><span style=\"color: #ffffff;\">.<\/span><br \/>\n<span style=\"color: #ffffff;\">.<\/span><\/p>\n<\/div>\n<div><\/div>\n<p>&nbsp;<\/p>\n<div><\/div>\n","protected":false},"excerpt":{"rendered":"<p>Benvolgudes fam\u00edlies,<br \/>\nUs informem sobre la concessi\u00f3 d&#8217;ajuts de Necessitats Educatives Especials\u00a0de la convocat\u00f2ria del\u00a0curs 2025-2026, i us adjuntem la relaci\u00f3 de les Resoluci\u00f3 de concessi\u00f3 i\/o denegaci\u00f3 4E2025,\u00a0corresponent a la proposta 4.<br \/>\n.<br \/>\n<a href=\"https:\/\/agora.xtec.cat\/ceip-santjeroni\/wp-content\/uploads\/usu1502\/2026\/02\/08027146_2025_Resolucio4_AP_Tauler.pdf\">Llistat\u00a0<\/a><br \/>\n.<\/p>\n<ul>\n<li>Termini\u00a0 per presentar recurs: Un mes a partir de la comunicaci\u00f3 als usuaris.<\/li>\n<\/ul>\n<p>\u00a0*Presentaci\u00f3&hellip;  <a href=\"https:\/\/agora.xtec.cat\/ceip-santjeroni\/general\/ajuts-de-necessitats-educatives-especials-curs-2025-26-resolucio-de-concessio-i-o-denegacio-4e2025\/\" title=\"Read Ajuts de Necessitats Educatives Especials curs 2025\/26. Resoluci\u00f3 de concessi\u00f3 i\/o denegaci\u00f3 4E2025.\">Llegeix m\u00e9s\u00bb<\/a><\/p>\n","protected":false},"author":1,"featured_media":0,"comment_status":"open","ping_status":"open","sticky":false,"template":"","format":"standard","meta":{"_bbp_topic_count":0,"_bbp_reply_count":0,"_bbp_total_topic_count":0,"_bbp_total_reply_count":0,"_bbp_voice_count":0,"_bbp_anonymous_reply_count":0,"_bbp_topic_count_hidden":0,"_bbp_reply_count_hidden":0,"_bbp_forum_subforum_count":0,"footnotes":""},"categories":[1,4],"tags":[],"class_list":["post-5744","post","type-post","status-publish","format-standard","hentry","category-general","category-portada"],"post_mailing_queue_ids":[],"_links":{"self":[{"href":"https:\/\/agora.xtec.cat\/ceip-santjeroni\/wp-json\/wp\/v2\/posts\/5744","targetHints":{"allow":["GET"]}}],"collection":[{"href":"https:\/\/agora.xtec.cat\/ceip-santjeroni\/wp-json\/wp\/v2\/posts"}],"about":[{"href":"https:\/\/agora.xtec.cat\/ceip-santjeroni\/wp-json\/wp\/v2\/types\/post"}],"author":[{"embeddable":true,"href":"https:\/\/agora.xtec.cat\/ceip-santjeroni\/wp-json\/wp\/v2\/users\/1"}],"replies":[{"embeddable":true,"href":"https:\/\/agora.xtec.cat\/ceip-santjeroni\/wp-json\/wp\/v2\/comments?post=5744"}],"version-history":[{"count":6,"href":"https:\/\/agora.xtec.cat\/ceip-santjeroni\/wp-json\/wp\/v2\/posts\/5744\/revisions"}],"predecessor-version":[{"id":5763,"href":"https:\/\/agora.xtec.cat\/ceip-santjeroni\/wp-json\/wp\/v2\/posts\/5744\/revisions\/5763"}],"wp:attachment":[{"href":"https:\/\/agora.xtec.cat\/ceip-santjeroni\/wp-json\/wp\/v2\/media?parent=5744"}],"wp:term":[{"taxonomy":"category","embeddable":true,"href":"https:\/\/agora.xtec.cat\/ceip-santjeroni\/wp-json\/wp\/v2\/categories?post=5744"},{"taxonomy":"post_tag","embeddable":true,"href":"https:\/\/agora.xtec.cat\/ceip-santjeroni\/wp-json\/wp\/v2\/tags?post=5744"}],"curies":[{"name":"wp","href":"https:\/\/api.w.org\/{rel}","templated":true}]}}