{"id":5687,"date":"2025-12-11T11:02:07","date_gmt":"2025-12-11T10:02:07","guid":{"rendered":"https:\/\/agora.xtec.cat\/ceip-santjeroni\/?p=5687"},"modified":"2025-12-11T11:03:02","modified_gmt":"2025-12-11T10:03:02","slug":"beques-menjador-jg-04-12-25-termini-extraordinari-ccap","status":"publish","type":"post","link":"https:\/\/agora.xtec.cat\/ceip-santjeroni\/general\/beques-menjador-jg-04-12-25-termini-extraordinari-ccap\/","title":{"rendered":"Beques menjador JG 04\/12\/25 termini Extraordinari. CCAP"},"content":{"rendered":"<div>Benvolguts,<br \/>\n<span style=\"color: #ffffff;\">.<\/span><\/div>\n<div id=\"m_6825436423450328532m_-6134933874939431878Signature\">\n<div><\/div>\n<div>Al tauler d&#8217;anuncis de la seu electr\u00f2nica podeu trobar\u00a0penjat l&#8217;anunci d&#8217;atorgament\/denegaci\u00f3 de les sol\u00b7licituds d&#8217;ajut de menjador presentats durant el per\u00edode extraordinari\u00a0 i que es van resoldre a la Junta de Govern en sessi\u00f3 4\u00a0 de desembre de 2025.<\/div>\n<div><span style=\"color: #ffffff;\">.<\/span><\/div>\n<div><a id=\"m_6825436423450328532m_-6134933874939431878OWA03d8b3ae-521d-8c94-0e89-a10446d2d465\" title=\"https:\/\/seu.ccapenedes.es\/taulerAnuncisPublic\/showPublicacion\/4333?cat.id=7\" href=\"https:\/\/seu.ccapenedes.es\/taulerAnuncisPublic\/showPublicacion\/4333?cat.id=7\" target=\"_blank\" rel=\"noopener\" data-saferedirecturl=\"https:\/\/www.google.com\/url?q=https:\/\/seu.ccapenedes.es\/taulerAnuncisPublic\/showPublicacion\/4333?cat.id%3D7&amp;source=gmail&amp;ust=1765528769153000&amp;usg=AOvVaw1A8xXo4cVOihPaxmNjDUfH\">Consell Comarcal Alt\u00a0Pened\u00e8s- Seu electr\u00f2nica<\/a><\/div>\n<div><\/div>\n<div id=\"m_6825436423450328532m_-6134933874939431878Signature\"><span style=\"color: #ffffff;\">.<\/span><\/div>\n<div>El termini m\u00e0xim per a la\u00a0presentaci\u00f3 del recurs de reposici\u00f3 (reclamaci\u00f3) d&#8217;aquestes resolucions, \u00e9s el dia\u00a0<b>12 de gener de 2026.<\/b>\u00a0La tramitaci\u00f3 s\u2019ha de fer\u00a0<b>telem\u00e0ticament<\/b>\u00a0a trav\u00e9s de la p\u00e0gina web \u00a0<a id=\"m_6825436423450328532m_-6134933874939431878OWAdf962783-903b-ddc7-2578-60b5d2320004\" title=\"http:\/\/www.ccapenedes.cat\/ensenyament\" href=\"http:\/\/www.ccapenedes.cat\/ensenyament\" target=\"_blank\" rel=\"noopener\" data-saferedirecturl=\"https:\/\/www.google.com\/url?q=http:\/\/www.ccapenedes.cat\/ensenyament&amp;source=gmail&amp;ust=1765528769153000&amp;usg=AOvVaw0I23vHE9sJMloUte5R3yCq\">www.ccapenedes.cat\/<wbr \/>ensenyament<\/a>&gt;&gt;\u00a0<i>Altres tr\u00e0mits referents als ajuts de menjador\u00a0<\/i>o b\u00e9 des de l&#8217;apartat Tr\u00e0mits i gestions \/ Ciutadania \/ Ensenyament \u2013 Menjador escolar &#8220;<a id=\"m_6825436423450328532m_-6134933874939431878OWAa9a55c27-b893-8fc5-7483-8a4839deab4c\" title=\"https:\/\/tramits.ccapenedes.cat\/Ciutadania\/DetallTramit.aspx?IdTema=58&amp;IdTramit=302\" href=\"https:\/\/tramits.ccapenedes.cat\/Ciutadania\/DetallTramit.aspx?IdTema=58&amp;IdTramit=302\" target=\"_blank\" rel=\"noopener\" data-saferedirecturl=\"https:\/\/www.google.com\/url?q=https:\/\/tramits.ccapenedes.cat\/Ciutadania\/DetallTramit.aspx?IdTema%3D58%26IdTramit%3D302&amp;source=gmail&amp;ust=1765528769153000&amp;usg=AOvVaw2kXYp9ZxAaeNHldPJsfKvf\">Reclamaci\u00f3 en relaci\u00f3 a l&#8217;ajut individual de menjador\u00a0escolar<\/a>\u00a0&#8221; \u00a0<b>adjuntant la documentaci\u00f3 justificativa<\/b>.<\/div>\n<\/div>\n<div><span style=\"color: #ffffff;\">.<\/span><br \/>\n<span style=\"color: #ffffff;\">.<\/span><\/div>\n<div><img loading=\"lazy\" decoding=\"async\" class=\"alignnone size-full wp-image-4927\" src=\"https:\/\/agora.xtec.cat\/ceip-santjeroni\/wp-content\/uploads\/usu1502\/2024\/03\/logo-cca-penedes-blanc-e1756979923885.png\" alt=\"\" width=\"289\" height=\"107\" \/><\/div>\n","protected":false},"excerpt":{"rendered":"<p>Benvolguts,<br \/>\n.<\/p>\n<p>Al tauler d&#8217;anuncis de la seu electr\u00f2nica podeu trobar\u00a0penjat l&#8217;anunci d&#8217;atorgament\/denegaci\u00f3 de les sol\u00b7licituds d&#8217;ajut de menjador presentats durant el per\u00edode extraordinari\u00a0 i que es van resoldre a la Junta de Govern en sessi\u00f3 4\u00a0 de desembre de 2025.<br \/>\n.<br \/>\n<a id=\"m_6825436423450328532m_-6134933874939431878OWA03d8b3ae-521d-8c94-0e89-a10446d2d465\" title=\"https:\/\/seu.ccapenedes.es\/taulerAnuncisPublic\/showPublicacion\/4333?cat.id=7\" href=\"https:\/\/seu.ccapenedes.es\/taulerAnuncisPublic\/showPublicacion\/4333?cat.id=7\" target=\"_blank\" rel=\"noopener\" data-saferedirecturl=\"https:\/\/www.google.com\/url?q=https:\/\/seu.ccapenedes.es\/taulerAnuncisPublic\/showPublicacion\/4333?cat.id%3D7&amp;source=gmail&amp;ust=1765528769153000&amp;usg=AOvVaw1A8xXo4cVOihPaxmNjDUfH\">Consell&hellip;  <a href=\"https:\/\/agora.xtec.cat\/ceip-santjeroni\/general\/beques-menjador-jg-04-12-25-termini-extraordinari-ccap\/\" title=\"Read Beques menjador JG 04\/12\/25 termini Extraordinari. CCAP\">Llegeix m\u00e9s\u00bb<\/a><\/p>\n","protected":false},"author":1,"featured_media":0,"comment_status":"open","ping_status":"open","sticky":false,"template":"","format":"standard","meta":{"_bbp_topic_count":0,"_bbp_reply_count":0,"_bbp_total_topic_count":0,"_bbp_total_reply_count":0,"_bbp_voice_count":0,"_bbp_anonymous_reply_count":0,"_bbp_topic_count_hidden":0,"_bbp_reply_count_hidden":0,"_bbp_forum_subforum_count":0,"footnotes":""},"categories":[1,4],"tags":[],"class_list":["post-5687","post","type-post","status-publish","format-standard","hentry","category-general","category-portada"],"post_mailing_queue_ids":[],"_links":{"self":[{"href":"https:\/\/agora.xtec.cat\/ceip-santjeroni\/wp-json\/wp\/v2\/posts\/5687","targetHints":{"allow":["GET"]}}],"collection":[{"href":"https:\/\/agora.xtec.cat\/ceip-santjeroni\/wp-json\/wp\/v2\/posts"}],"about":[{"href":"https:\/\/agora.xtec.cat\/ceip-santjeroni\/wp-json\/wp\/v2\/types\/post"}],"author":[{"embeddable":true,"href":"https:\/\/agora.xtec.cat\/ceip-santjeroni\/wp-json\/wp\/v2\/users\/1"}],"replies":[{"embeddable":true,"href":"https:\/\/agora.xtec.cat\/ceip-santjeroni\/wp-json\/wp\/v2\/comments?post=5687"}],"version-history":[{"count":2,"href":"https:\/\/agora.xtec.cat\/ceip-santjeroni\/wp-json\/wp\/v2\/posts\/5687\/revisions"}],"predecessor-version":[{"id":5689,"href":"https:\/\/agora.xtec.cat\/ceip-santjeroni\/wp-json\/wp\/v2\/posts\/5687\/revisions\/5689"}],"wp:attachment":[{"href":"https:\/\/agora.xtec.cat\/ceip-santjeroni\/wp-json\/wp\/v2\/media?parent=5687"}],"wp:term":[{"taxonomy":"category","embeddable":true,"href":"https:\/\/agora.xtec.cat\/ceip-santjeroni\/wp-json\/wp\/v2\/categories?post=5687"},{"taxonomy":"post_tag","embeddable":true,"href":"https:\/\/agora.xtec.cat\/ceip-santjeroni\/wp-json\/wp\/v2\/tags?post=5687"}],"curies":[{"name":"wp","href":"https:\/\/api.w.org\/{rel}","templated":true}]}}