{"id":5681,"date":"2025-11-27T13:48:20","date_gmt":"2025-11-27T12:48:20","guid":{"rendered":"https:\/\/agora.xtec.cat\/ceip-santjeroni\/?p=5681"},"modified":"2025-11-27T13:48:20","modified_gmt":"2025-11-27T12:48:20","slug":"beques-menjador-jg-20-11-25-noves-sollicituds-ccap","status":"publish","type":"post","link":"https:\/\/agora.xtec.cat\/ceip-santjeroni\/general\/beques-menjador-jg-20-11-25-noves-sollicituds-ccap\/","title":{"rendered":"Beques menjador JG 20\/11\/25 &#8211; Noves sol\u00b7licituds. CCAP"},"content":{"rendered":"<div>Benvolguts,<\/div>\n<div id=\"m_-8826617043350890423m_5305678523402210603x_x_Signature\">\n<div><span style=\"color: #ffffff;\">.<\/span><\/div>\n<div>Al tauler d&#8217;anuncis de la seu electr\u00f2nica podeu trobar\u00a0penjat l&#8217;anunci d&#8217;atorgament\/denegaci\u00f3 de les sol\u00b7licituds d&#8217;ajut de menjador presentats durant el per\u00edode extraordinari\u00a0 i que es van resoldre a la Junta de Govern en sessi\u00f3 20 de novembre de 2025.<\/div>\n<div><span style=\"color: #ffffff;\">.<\/span><\/div>\n<div><a id=\"m_-8826617043350890423m_5305678523402210603anchor-a3e9474b-9930-a009-dea8-716670889fa8\" title=\"https:\/\/seu.ccapenedes.es\/taulerAnuncisPublic\/showPublicacion\/4319?cat.id=7\" href=\"https:\/\/seu.ccapenedes.es\/taulerAnuncisPublic\/showPublicacion\/4319?cat.id=7\" target=\"_blank\" rel=\"noopener\" data-saferedirecturl=\"https:\/\/www.google.com\/url?q=https:\/\/seu.ccapenedes.es\/taulerAnuncisPublic\/showPublicacion\/4319?cat.id%3D7&amp;source=gmail&amp;ust=1764318640475000&amp;usg=AOvVaw0dU6S1R0VoB603qNQfGFcn\">Consell Comarcal Alt\u00a0Pened\u00e8s- Seu electr\u00f2nica<\/a><\/div>\n<div><span style=\"color: #ffffff;\">.<\/span><\/div>\n<div>El termini m\u00e0xim per a la\u00a0presentaci\u00f3 del recurs de reposici\u00f3 (reclamaci\u00f3) d&#8217;aquestes resolucions, \u00e9s el dia<b>\u00a029 de desembre de 2025<\/b>.<\/div>\n<div><span style=\"color: #ffffff;\">.<\/span><\/div>\n<div>La tramitaci\u00f3 s\u2019ha de fer\u00a0<b>telem\u00e0ticament<\/b>\u00a0a trav\u00e9s de la p\u00e0gina web\u00a0\u00a0<a id=\"m_-8826617043350890423m_5305678523402210603OWA14301604-40fd-09bb-c95a-0f97c280bbad\" href=\"http:\/\/www.ccapenedes.cat\/ensenyament\" target=\"_blank\" rel=\"noopener\" data-saferedirecturl=\"https:\/\/www.google.com\/url?q=http:\/\/www.ccapenedes.cat\/ensenyament&amp;source=gmail&amp;ust=1764318640475000&amp;usg=AOvVaw1v8Q5mxTuqJ8tmEw9Hbzta\">www.ccapenedes.cat\/ensenyament<\/a><wbr \/>&gt;&gt;\u00a0<i>Altres tr\u00e0mits referents als ajuts de menjador\u00a0<\/i>o b\u00e9 des de l&#8217;apartat Tr\u00e0mits i gestions \/ Ciutadania \/ Ensenyament \u2013 Menjador escolar &#8220;<a id=\"m_-8826617043350890423m_5305678523402210603OWAc6fb3a4e-8451-421f-f27b-1f366fee3d71\" title=\"https:\/\/tramits.ccapenedes.cat\/Ciutadania\/DetallTramit.aspx?IdTema=58&amp;IdTramit=302\" href=\"https:\/\/tramits.ccapenedes.cat\/Ciutadania\/DetallTramit.aspx?IdTema=58&amp;IdTramit=302\" target=\"_blank\" rel=\"noopener noreferrer\" data-saferedirecturl=\"https:\/\/www.google.com\/url?q=https:\/\/tramits.ccapenedes.cat\/Ciutadania\/DetallTramit.aspx?IdTema%3D58%26IdTramit%3D302&amp;source=gmail&amp;ust=1764318640475000&amp;usg=AOvVaw12QijuxWSelHxQyVKu2d3I\">Reclamaci\u00f3 en relaci\u00f3 a l&#8217;ajut individual de menjador\u00a0escolar<\/a>\u00a0&#8221; \u00a0<b>adjuntant la documentaci\u00f3 justificativa<\/b>.<\/div>\n<div><span style=\"color: #ffffff;\">.<\/span><\/div>\n<div><span style=\"color: #ffffff;\">.<\/span><\/div>\n<div><span style=\"color: #ffffff;\">..<img loading=\"lazy\" decoding=\"async\" class=\"alignnone size-medium wp-image-4991\" src=\"https:\/\/agora.xtec.cat\/ceip-santjeroni\/wp-content\/uploads\/usu1502\/2024\/04\/logo-cca-penedes-blanc-300x111.png\" alt=\"\" width=\"300\" height=\"111\" \/><\/span><\/div>\n<\/div>\n","protected":false},"excerpt":{"rendered":"<p>Benvolguts,<\/p>\n<p>.<br \/>\nAl tauler d&#8217;anuncis de la seu electr\u00f2nica podeu trobar\u00a0penjat l&#8217;anunci d&#8217;atorgament\/denegaci\u00f3 de les sol\u00b7licituds d&#8217;ajut de menjador presentats durant el per\u00edode extraordinari\u00a0 i que es van resoldre a la Junta de Govern en sessi\u00f3 20 de novembre de 2025.<br \/>\n.<br \/>\n<a id=\"m_-8826617043350890423m_5305678523402210603anchor-a3e9474b-9930-a009-dea8-716670889fa8\" title=\"https:\/\/seu.ccapenedes.es\/taulerAnuncisPublic\/showPublicacion\/4319?cat.id=7\" href=\"https:\/\/seu.ccapenedes.es\/taulerAnuncisPublic\/showPublicacion\/4319?cat.id=7\" target=\"_blank\" rel=\"noopener\" data-saferedirecturl=\"https:\/\/www.google.com\/url?q=https:\/\/seu.ccapenedes.es\/taulerAnuncisPublic\/showPublicacion\/4319?cat.id%3D7&amp;source=gmail&amp;ust=1764318640475000&amp;usg=AOvVaw0dU6S1R0VoB603qNQfGFcn\">Consell&hellip;  <a href=\"https:\/\/agora.xtec.cat\/ceip-santjeroni\/general\/beques-menjador-jg-20-11-25-noves-sollicituds-ccap\/\" title=\"Read Beques menjador JG 20\/11\/25 &#8211; Noves sol\u00b7licituds. CCAP\">Llegeix m\u00e9s\u00bb<\/a><\/p>\n","protected":false},"author":1,"featured_media":0,"comment_status":"open","ping_status":"open","sticky":false,"template":"","format":"standard","meta":{"_bbp_topic_count":0,"_bbp_reply_count":0,"_bbp_total_topic_count":0,"_bbp_total_reply_count":0,"_bbp_voice_count":0,"_bbp_anonymous_reply_count":0,"_bbp_topic_count_hidden":0,"_bbp_reply_count_hidden":0,"_bbp_forum_subforum_count":0,"footnotes":""},"categories":[1,4],"tags":[],"class_list":["post-5681","post","type-post","status-publish","format-standard","hentry","category-general","category-portada"],"post_mailing_queue_ids":[],"_links":{"self":[{"href":"https:\/\/agora.xtec.cat\/ceip-santjeroni\/wp-json\/wp\/v2\/posts\/5681","targetHints":{"allow":["GET"]}}],"collection":[{"href":"https:\/\/agora.xtec.cat\/ceip-santjeroni\/wp-json\/wp\/v2\/posts"}],"about":[{"href":"https:\/\/agora.xtec.cat\/ceip-santjeroni\/wp-json\/wp\/v2\/types\/post"}],"author":[{"embeddable":true,"href":"https:\/\/agora.xtec.cat\/ceip-santjeroni\/wp-json\/wp\/v2\/users\/1"}],"replies":[{"embeddable":true,"href":"https:\/\/agora.xtec.cat\/ceip-santjeroni\/wp-json\/wp\/v2\/comments?post=5681"}],"version-history":[{"count":2,"href":"https:\/\/agora.xtec.cat\/ceip-santjeroni\/wp-json\/wp\/v2\/posts\/5681\/revisions"}],"predecessor-version":[{"id":5683,"href":"https:\/\/agora.xtec.cat\/ceip-santjeroni\/wp-json\/wp\/v2\/posts\/5681\/revisions\/5683"}],"wp:attachment":[{"href":"https:\/\/agora.xtec.cat\/ceip-santjeroni\/wp-json\/wp\/v2\/media?parent=5681"}],"wp:term":[{"taxonomy":"category","embeddable":true,"href":"https:\/\/agora.xtec.cat\/ceip-santjeroni\/wp-json\/wp\/v2\/categories?post=5681"},{"taxonomy":"post_tag","embeddable":true,"href":"https:\/\/agora.xtec.cat\/ceip-santjeroni\/wp-json\/wp\/v2\/tags?post=5681"}],"curies":[{"name":"wp","href":"https:\/\/api.w.org\/{rel}","templated":true}]}}