{"id":5174,"date":"2024-09-12T11:09:43","date_gmt":"2024-09-12T09:09:43","guid":{"rendered":"https:\/\/agora.xtec.cat\/ceip-santjeroni\/?p=5174"},"modified":"2024-09-12T11:22:06","modified_gmt":"2024-09-12T09:22:06","slug":"atorgament-denegacio-de-les-sol-licitud-dajut-de-les-beques-menjador-del-ccap","status":"publish","type":"post","link":"https:\/\/agora.xtec.cat\/ceip-santjeroni\/general\/atorgament-denegacio-de-les-sol-licitud-dajut-de-les-beques-menjador-del-ccap\/","title":{"rendered":"Atorgament\/denegaci\u00f3 de les sol.licitud d&#8217;ajut de les beques menjador del CCAP"},"content":{"rendered":"<div>Benvolguts,<\/div>\n<div><\/div>\n<div>Al tauler d&#8217;anuncis de la seu electr\u00f2nica podeu trobar penjat l&#8217;anunci d&#8217;atorgament\/denegaci\u00f3 de les sol\u00b7licituds d&#8217;ajut de\u00a0menjador\u00a0presentades dins del per\u00edode ordinari \u00a0i que es van resoldre per Decret de Presid\u00e8ncia DEC_0149-2024<\/div>\n<div><\/div>\n<div><a id=\"m_-325452889276039690m_7734294117957255907LPlnk373247\" title=\"https:\/\/seu.ccapenedes.cat\/taulerAnuncisPublic\/showPublicacion\/3637?cat.id=7\" href=\"https:\/\/seu.ccapenedes.cat\/taulerAnuncisPublic\/showPublicacion\/3637?cat.id=7\" target=\"_blank\" rel=\"noopener\" data-saferedirecturl=\"https:\/\/www.google.com\/url?q=https:\/\/seu.ccapenedes.cat\/taulerAnuncisPublic\/showPublicacion\/3637?cat.id%3D7&amp;source=gmail&amp;ust=1726213616357000&amp;usg=AOvVaw13hBSfG4iMkuFTLW8FKy5X\">Consell Comarcal Alt Pened\u00e8s- Seu electr\u00f2nica<\/a><\/div>\n<div><\/div>\n<div><\/div>\n<div>El termini m\u00e0xim per a la presentaci\u00f3 del recurs de reposici\u00f3 (reclamaci\u00f3) d&#8217;aquestes resolucions, \u00e9s el dia\u00a0<b>10 d&#8217;octubre de 2024<\/b>. Es tramitar\u00e0 de manera telem\u00e0tica \u00a0mitjan\u00e7ant la p\u00e0gina web\u00a0<a id=\"m_-325452889276039690m_7734294117957255907OWA950273f7-c3eb-37ce-f05a-56c4fbcdd487\" href=\"http:\/\/www.ccapenedes.cat\/ensenyament\" target=\"_blank\" rel=\"noopener noreferrer\" data-saferedirecturl=\"https:\/\/www.google.com\/url?q=http:\/\/www.ccapenedes.cat\/ensenyament&amp;source=gmail&amp;ust=1726213616357000&amp;usg=AOvVaw0rKMZZUvWfAp_bd7x-hH03\">www.ccapenedes.cat\/ensenyament<\/a><wbr \/>\u00a0 o des de l&#8217;apartat de tr\u00e0mits i gestions\/ciutadania\/<wbr \/>ensenyament-menjador\u00a0escolar &#8220;Reclamaci\u00f3 en relaci\u00f3 a l&#8217;ajut individual de\u00a0menjador\u00a0escolar &#8221; \u00a0<u>adjuntant la documentaci\u00f3 que ho justifiqui<\/u>.<\/div>\n<div><\/div>\n<div><\/div>\n<div><\/div>\n<div><img loading=\"lazy\" decoding=\"async\" class=\"alignnone size-full wp-image-4927\" src=\"https:\/\/agora.xtec.cat\/ceip-santjeroni\/wp-content\/uploads\/usu1502\/2024\/03\/logo-cca-penedes-blanc-e1726132152493.png\" alt=\"\" width=\"338\" height=\"125\" \/><\/div>\n","protected":false},"excerpt":{"rendered":"<p>Benvolguts,<\/p>\n<p>Al tauler d&#8217;anuncis de la seu electr\u00f2nica podeu trobar penjat l&#8217;anunci d&#8217;atorgament\/denegaci\u00f3 de les sol\u00b7licituds d&#8217;ajut de\u00a0menjador\u00a0presentades dins del per\u00edode ordinari \u00a0i que es van resoldre per Decret de Presid\u00e8ncia DEC_0149-2024<\/p>\n<p><a id=\"m_-325452889276039690m_7734294117957255907LPlnk373247\" title=\"https:\/\/seu.ccapenedes.cat\/taulerAnuncisPublic\/showPublicacion\/3637?cat.id=7\" href=\"https:\/\/seu.ccapenedes.cat\/taulerAnuncisPublic\/showPublicacion\/3637?cat.id=7\" target=\"_blank\" rel=\"noopener\" data-saferedirecturl=\"https:\/\/www.google.com\/url?q=https:\/\/seu.ccapenedes.cat\/taulerAnuncisPublic\/showPublicacion\/3637?cat.id%3D7&amp;source=gmail&amp;ust=1726213616357000&amp;usg=AOvVaw13hBSfG4iMkuFTLW8FKy5X\">Consell Comarcal Alt Pened\u00e8s- Seu electr\u00f2nica<\/a><\/p>\n<p>El termini m\u00e0xim per&hellip;  <a href=\"https:\/\/agora.xtec.cat\/ceip-santjeroni\/general\/atorgament-denegacio-de-les-sol-licitud-dajut-de-les-beques-menjador-del-ccap\/\" title=\"Read Atorgament\/denegaci\u00f3 de les sol.licitud d&#8217;ajut de les beques menjador del CCAP\">Llegeix m\u00e9s\u00bb<\/a><\/p>\n","protected":false},"author":1,"featured_media":0,"comment_status":"open","ping_status":"closed","sticky":false,"template":"","format":"standard","meta":{"_bbp_topic_count":0,"_bbp_reply_count":0,"_bbp_total_topic_count":0,"_bbp_total_reply_count":0,"_bbp_voice_count":0,"_bbp_anonymous_reply_count":0,"_bbp_topic_count_hidden":0,"_bbp_reply_count_hidden":0,"_bbp_forum_subforum_count":0,"footnotes":""},"categories":[1,4],"tags":[],"class_list":["post-5174","post","type-post","status-publish","format-standard","hentry","category-general","category-portada"],"post_mailing_queue_ids":[],"_links":{"self":[{"href":"https:\/\/agora.xtec.cat\/ceip-santjeroni\/wp-json\/wp\/v2\/posts\/5174","targetHints":{"allow":["GET"]}}],"collection":[{"href":"https:\/\/agora.xtec.cat\/ceip-santjeroni\/wp-json\/wp\/v2\/posts"}],"about":[{"href":"https:\/\/agora.xtec.cat\/ceip-santjeroni\/wp-json\/wp\/v2\/types\/post"}],"author":[{"embeddable":true,"href":"https:\/\/agora.xtec.cat\/ceip-santjeroni\/wp-json\/wp\/v2\/users\/1"}],"replies":[{"embeddable":true,"href":"https:\/\/agora.xtec.cat\/ceip-santjeroni\/wp-json\/wp\/v2\/comments?post=5174"}],"version-history":[{"count":4,"href":"https:\/\/agora.xtec.cat\/ceip-santjeroni\/wp-json\/wp\/v2\/posts\/5174\/revisions"}],"predecessor-version":[{"id":5178,"href":"https:\/\/agora.xtec.cat\/ceip-santjeroni\/wp-json\/wp\/v2\/posts\/5174\/revisions\/5178"}],"wp:attachment":[{"href":"https:\/\/agora.xtec.cat\/ceip-santjeroni\/wp-json\/wp\/v2\/media?parent=5174"}],"wp:term":[{"taxonomy":"category","embeddable":true,"href":"https:\/\/agora.xtec.cat\/ceip-santjeroni\/wp-json\/wp\/v2\/categories?post=5174"},{"taxonomy":"post_tag","embeddable":true,"href":"https:\/\/agora.xtec.cat\/ceip-santjeroni\/wp-json\/wp\/v2\/tags?post=5174"}],"curies":[{"name":"wp","href":"https:\/\/api.w.org\/{rel}","templated":true}]}}