{"id":5118,"date":"2024-06-28T11:55:54","date_gmt":"2024-06-28T09:55:54","guid":{"rendered":"https:\/\/agora.xtec.cat\/ceip-santjeroni\/?p=5118"},"modified":"2024-09-06T13:26:35","modified_gmt":"2024-09-06T11:26:35","slug":"ajuts-de-menjador-escolar-curs-2024-25-consell-comarcal-de-lalt-penedes","status":"publish","type":"post","link":"https:\/\/agora.xtec.cat\/ceip-santjeroni\/general\/ajuts-de-menjador-escolar-curs-2024-25-consell-comarcal-de-lalt-penedes\/","title":{"rendered":"Ajuts de menjador escolar curs 2024\/25. Consell Comarcal de l&#8217;Alt Pened\u00e8s."},"content":{"rendered":"<p><strong>Termini de presentaci\u00f3 de sol\u00b7licituds<\/strong><\/p>\n<ul>\n<li><strong>CONVOCAT\u00d2RIA TANCADA. Termini ordinari:<\/strong>\u00a0del 22 d&#8217;abril al 12 de maig, ambd\u00f3s inclosos.<\/li>\n<li><strong>Alumnat de nova matriculaci\u00f3 (TANCADA)<\/strong>\u00a0(matriculats a partir del 12 de maig de 2024): de l&#8217;1 de juliol al 31 d&#8217;agost de 2024.<\/li>\n<li><strong>Sol\u00b7licituds\u00a0sobrevingudes i canvis de situaci\u00f3:\u00a0<\/strong>de l&#8217;1 d&#8217;octubre de 2024 al 15 de maig de 2025.<\/li>\n<\/ul>\n<p>La sol\u00b7licitud es podr\u00e0 tramitar telem\u00e0ticament des de la p\u00e0gina web inicial del Consell Comarcal <a id=\"m_-6612244947842827886m_4668571252745239689LPlnk276434\" href=\"http:\/\/www.ccapenedes.cat\/ensenyament\" target=\"_blank\" rel=\"noopener\" data-saferedirecturl=\"https:\/\/www.google.com\/url?q=http:\/\/www.ccapenedes.cat\/ensenyament&amp;source=gmail&amp;ust=1719646343765000&amp;usg=AOvVaw3JK9odPAnpAQNxdKO4xsb4\">www.ccapenedes.cat\/ensenyament<\/a><wbr \/>\u00a0i s&#8217;haur\u00e0 d&#8217;adjuntar un certificat o document de l&#8217;escola on consti la data de matricula (no \u00e9s necessari per a l&#8217;alumnat que comenci I3).<\/p>\n<div><\/div>\n<div>A la mateixa p\u00e0gina web, hi podran trobar les Bases i convocat\u00f2ria d&#8217;aquests ajuts i un video-tutorial\u00a0 d&#8217;ajuda.<\/div>\n<div><\/div>\n<div>\n<div>Per incid\u00e8ncies en la tramitaci\u00f3 online :\u00a0<a id=\"m_-6612244947842827886m_4668571252745239689OWAbd61fb24-bdd2-9662-9d12-1fd56d4c082b\" href=\"mailto:suport@ccapenedes.cat\" target=\"_blank\" rel=\"noopener\">suport@ccapenedes.cat<\/a><\/div>\n<div><\/div>\n<div>Per a consultes sobre l&#8217;ajut de menjador escolar (documentaci\u00f3, etc.):\u00a0<a id=\"m_-6612244947842827886m_4668571252745239689OWA432243f2-10a8-6366-1992-a4b062aebcfe\" href=\"mailto:bequesmenjador@ccapenedes.cat\" target=\"_blank\" rel=\"noopener\">bequesmenjador@ccapenedes.cat<\/a><\/div>\n<div><\/div>\n<div><\/div>\n<p>Adjuntem una petita guia per a sol\u00b7licitar l&#8217;ajut, per tal que ho pugueu traslladar a les fam\u00edlies interessades.<\/p>\n<p>Guia per alumnat I-3 nou.<\/p>\n<p><a href=\"https:\/\/agora.xtec.cat\/ceip-santjeroni\/wp-content\/uploads\/usu1502\/2024\/06\/Guia-sollicituds-AIM-24_25-Noves-matricules.pdf\">Guia sol\u00b7licituds AIM 24_25- Noves matricules<\/a><\/p>\n<div>\n<blockquote><p>&nbsp;<\/p><\/blockquote>\n<p><img loading=\"lazy\" decoding=\"async\" class=\"alignnone size-full wp-image-4991\" src=\"https:\/\/agora.xtec.cat\/ceip-santjeroni\/wp-content\/uploads\/usu1502\/2024\/04\/logo-cca-penedes-blanc-e1719568628834.png\" alt=\"\" width=\"300\" height=\"111\" \/><\/p>\n<\/div>\n<\/div>\n","protected":false},"excerpt":{"rendered":"<p>Termini de presentaci\u00f3 de sol\u00b7licituds<\/p>\n<ul>\n<li>CONVOCAT\u00d2RIA TANCADA. Termini ordinari:\u00a0del 22 d&#8217;abril al 12 de maig, ambd\u00f3s inclosos.<\/li>\n<li>Alumnat de nova matriculaci\u00f3 (TANCADA)\u00a0(matriculats a partir del 12 de maig de 2024): de l&#8217;1 de juliol al 31 d&#8217;agost de 2024.<\/li>\n<li>Sol\u00b7licituds\u00a0sobrevingudes i canvis de situaci\u00f3:\u00a0de l&#8217;1 d&#8217;octubre de 2024&hellip;  <a href=\"https:\/\/agora.xtec.cat\/ceip-santjeroni\/general\/ajuts-de-menjador-escolar-curs-2024-25-consell-comarcal-de-lalt-penedes\/\" title=\"Read Ajuts de menjador escolar curs 2024\/25. Consell Comarcal de l&#8217;Alt Pened\u00e8s.\">Llegeix m\u00e9s\u00bb<\/a><br \/>\n","protected":false},"author":1,"featured_media":0,"comment_status":"open","ping_status":"closed","sticky":false,"template":"","format":"standard","meta":{"_bbp_topic_count":0,"_bbp_reply_count":0,"_bbp_total_topic_count":0,"_bbp_total_reply_count":0,"_bbp_voice_count":0,"_bbp_anonymous_reply_count":0,"_bbp_topic_count_hidden":0,"_bbp_reply_count_hidden":0,"_bbp_forum_subforum_count":0,"footnotes":""},"categories":[1,2,4,5],"tags":[],"class_list":["post-5118","post","type-post","status-publish","format-standard","hentry","category-general","category-infantil","category-portada","category-primaria"],"post_mailing_queue_ids":[],"_links":{"self":[{"href":"https:\/\/agora.xtec.cat\/ceip-santjeroni\/wp-json\/wp\/v2\/posts\/5118","targetHints":{"allow":["GET"]}}],"collection":[{"href":"https:\/\/agora.xtec.cat\/ceip-santjeroni\/wp-json\/wp\/v2\/posts"}],"about":[{"href":"https:\/\/agora.xtec.cat\/ceip-santjeroni\/wp-json\/wp\/v2\/types\/post"}],"author":[{"embeddable":true,"href":"https:\/\/agora.xtec.cat\/ceip-santjeroni\/wp-json\/wp\/v2\/users\/1"}],"replies":[{"embeddable":true,"href":"https:\/\/agora.xtec.cat\/ceip-santjeroni\/wp-json\/wp\/v2\/comments?post=5118"}],"version-history":[{"count":6,"href":"https:\/\/agora.xtec.cat\/ceip-santjeroni\/wp-json\/wp\/v2\/posts\/5118\/revisions"}],"predecessor-version":[{"id":5168,"href":"https:\/\/agora.xtec.cat\/ceip-santjeroni\/wp-json\/wp\/v2\/posts\/5118\/revisions\/5168"}],"wp:attachment":[{"href":"https:\/\/agora.xtec.cat\/ceip-santjeroni\/wp-json\/wp\/v2\/media?parent=5118"}],"wp:term":[{"taxonomy":"category","embeddable":true,"href":"https:\/\/agora.xtec.cat\/ceip-santjeroni\/wp-json\/wp\/v2\/categories?post=5118"},{"taxonomy":"post_tag","embeddable":true,"href":"https:\/\/agora.xtec.cat\/ceip-santjeroni\/wp-json\/wp\/v2\/tags?post=5118"}],"curies":[{"name":"wp","href":"https:\/\/api.w.org\/{rel}","templated":true}]}}