{"id":4624,"date":"2023-06-26T09:39:23","date_gmt":"2023-06-26T07:39:23","guid":{"rendered":"https:\/\/agora.xtec.cat\/ceip-santjeroni\/?p=4624"},"modified":"2023-06-26T10:02:12","modified_gmt":"2023-06-26T08:02:12","slug":"nova-matriculacio-curs-2023-2024-ajut-de-menjador-escolar-ccap","status":"publish","type":"post","link":"https:\/\/agora.xtec.cat\/ceip-santjeroni\/general\/nova-matriculacio-curs-2023-2024-ajut-de-menjador-escolar-ccap\/","title":{"rendered":"Nova matriculaci\u00f3 curs 2023\/2024. Ajut de menjador escolar CCAP."},"content":{"rendered":"<p>Termini\u00a0 de l&#8217;alumnat que iniciar\u00e0 I-3 i\/o matriculats a partir del 14\/05\/23<b>:<\/b>\u00a0<strong><i>De l\u20191 de juliol al 31 d&#8217;agost de 2023.<\/i><\/strong><\/p>\n<div>La sol\u00b7licitud la podeu tramitar telem\u00e0ticament\u00a0 des de la p\u00e0gina <a href=\"http:\/\/www.ccapenedes.cat\/ensenyament\">web inicial del Consell Comarcal<\/a> .<\/div>\n<div>\n<p>A la mateixa p\u00e0gina web, hi podeu trobar les Bases i la convocat\u00f2ria d&#8217;aquests ajuts, la informaci\u00f3 pel tr\u00e0mit i tamb\u00e9 un video-tutorial\u00a0 d&#8217;ajuda.<\/p>\n<p><em>Com puc sol\u00b7licitar l&#8217;ajut de menjador escolar?<\/em><strong>\u00a0Noves sol\u00b7licituds<\/strong><strong>\u00a0<\/strong><strong>&#8211;<\/strong><strong>\u00a0<a href=\"https:\/\/youtu.be\/42NtZ-WqaT0\" target=\"_blank\" rel=\"noopener\" data-saferedirecturl=\"https:\/\/www.google.com\/url?q=https:\/\/youtu.be\/42NtZ-WqaT0&amp;source=gmail&amp;ust=1687849235682000&amp;usg=AOvVaw3nUiNLA3zmPN8DXguGWrjs\">Tutorial Youtube<\/a><\/strong><\/p>\n<p><img loading=\"lazy\" decoding=\"async\" class=\"alignnone size-medium wp-image-4627\" src=\"https:\/\/agora.xtec.cat\/ceip-santjeroni\/wp-content\/uploads\/usu1502\/2023\/06\/0-e1687765306788-300x164.jpg\" alt=\"\" width=\"300\" height=\"164\" srcset=\"https:\/\/agora.xtec.cat\/ceip-santjeroni\/wp-content\/uploads\/usu1502\/2023\/06\/0-e1687765306788-300x164.jpg 300w, https:\/\/agora.xtec.cat\/ceip-santjeroni\/wp-content\/uploads\/usu1502\/2023\/06\/0-e1687765306788.jpg 477w\" sizes=\"auto, (max-width: 300px) 100vw, 300px\" \/><\/p>\n<\/div>\n","protected":false},"excerpt":{"rendered":"<p>Termini\u00a0 de l&#8217;alumnat que iniciar\u00e0 I-3 i\/o matriculats a partir del 14\/05\/23:\u00a0De l\u20191 de juliol al 31 d&#8217;agost de 2023.<br \/>\nLa sol\u00b7licitud la podeu tramitar telem\u00e0ticament\u00a0 des de la p\u00e0gina <a href=\"http:\/\/www.ccapenedes.cat\/ensenyament\">web inicial del Consell Comarcal<\/a> .<\/p>\n<p>A la mateixa p\u00e0gina web, hi podeu trobar les Bases&hellip;  <a href=\"https:\/\/agora.xtec.cat\/ceip-santjeroni\/general\/nova-matriculacio-curs-2023-2024-ajut-de-menjador-escolar-ccap\/\" title=\"Read Nova matriculaci\u00f3 curs 2023\/2024. Ajut de menjador escolar CCAP.\">Llegeix m\u00e9s\u00bb<\/a><\/p>\n","protected":false},"author":1,"featured_media":0,"comment_status":"open","ping_status":"closed","sticky":false,"template":"","format":"standard","meta":{"_bbp_topic_count":0,"_bbp_reply_count":0,"_bbp_total_topic_count":0,"_bbp_total_reply_count":0,"_bbp_voice_count":0,"_bbp_anonymous_reply_count":0,"_bbp_topic_count_hidden":0,"_bbp_reply_count_hidden":0,"_bbp_forum_subforum_count":0,"footnotes":""},"categories":[1,4],"tags":[],"class_list":["post-4624","post","type-post","status-publish","format-standard","hentry","category-general","category-portada"],"post_mailing_queue_ids":[],"_links":{"self":[{"href":"https:\/\/agora.xtec.cat\/ceip-santjeroni\/wp-json\/wp\/v2\/posts\/4624","targetHints":{"allow":["GET"]}}],"collection":[{"href":"https:\/\/agora.xtec.cat\/ceip-santjeroni\/wp-json\/wp\/v2\/posts"}],"about":[{"href":"https:\/\/agora.xtec.cat\/ceip-santjeroni\/wp-json\/wp\/v2\/types\/post"}],"author":[{"embeddable":true,"href":"https:\/\/agora.xtec.cat\/ceip-santjeroni\/wp-json\/wp\/v2\/users\/1"}],"replies":[{"embeddable":true,"href":"https:\/\/agora.xtec.cat\/ceip-santjeroni\/wp-json\/wp\/v2\/comments?post=4624"}],"version-history":[{"count":3,"href":"https:\/\/agora.xtec.cat\/ceip-santjeroni\/wp-json\/wp\/v2\/posts\/4624\/revisions"}],"predecessor-version":[{"id":4628,"href":"https:\/\/agora.xtec.cat\/ceip-santjeroni\/wp-json\/wp\/v2\/posts\/4624\/revisions\/4628"}],"wp:attachment":[{"href":"https:\/\/agora.xtec.cat\/ceip-santjeroni\/wp-json\/wp\/v2\/media?parent=4624"}],"wp:term":[{"taxonomy":"category","embeddable":true,"href":"https:\/\/agora.xtec.cat\/ceip-santjeroni\/wp-json\/wp\/v2\/categories?post=4624"},{"taxonomy":"post_tag","embeddable":true,"href":"https:\/\/agora.xtec.cat\/ceip-santjeroni\/wp-json\/wp\/v2\/tags?post=4624"}],"curies":[{"name":"wp","href":"https:\/\/api.w.org\/{rel}","templated":true}]}}