{"id":2515,"date":"2020-12-01T10:15:36","date_gmt":"2020-12-01T09:15:36","guid":{"rendered":"http:\/\/agora.xtec.cat\/ceip-santjeroni\/?p=2515"},"modified":"2020-12-01T10:30:21","modified_gmt":"2020-12-01T09:30:21","slug":"club-de-lectura-a-la-vista","status":"publish","type":"post","link":"https:\/\/agora.xtec.cat\/ceip-santjeroni\/portada\/club-de-lectura-a-la-vista\/","title":{"rendered":"CLUB DE LECTURA A LA VISTA!!"},"content":{"rendered":"<p><strong>Us convidem al nostre Club de Lectura!<\/strong><\/p>\n<p><a href=\"http:\/\/blocs.xtec.cat\/bibliotecasantjeroni\/files\/2020\/11\/mafalda.png\"><img loading=\"lazy\" decoding=\"async\" class=\"alignnone size-full wp-image-752\" src=\"http:\/\/blocs.xtec.cat\/bibliotecasantjeroni\/files\/2020\/11\/mafalda.png\" alt=\"\" width=\"954\" height=\"392\" \/><\/a><\/p>\n<p>Estimada comunitat educativa enguany volem engegar un club de lectura a l&#8217;escola, la idea seria poder-nos trobar dos cops l&#8217;any per a comentar la lectura, com ja sabeu per motius de la covid aquest any comen\u00e7arem a mig gas i us proporcionarem un correu electr\u00f2nic perqu\u00e8 feu arribar els vostres cometaris de forma escrita, amb un missatge de veu, amb un v\u00eddeo&#8230; Realitzarem\u00a04 categories de lectures:<\/p>\n<ul>\n<li><span style=\"color: #800080\">ALUMNAT DE 3 A 5 ANYS<\/span><\/li>\n<li><span style=\"color: #800080\">ALUMNAT DE 6 A 9 ANYS<\/span><\/li>\n<li><span style=\"color: #800080\">ALUMNAT DE 10 A 12 ANYS<\/span><\/li>\n<li><span style=\"color: #800080\">COMUNITAT EDUCATIVA ADULTA (FAM\u00cdLIES, PROFESSORAT, PAS, MONITORATGE&#8230;)<\/span><\/li>\n<\/ul>\n<p>Les propostes les trobareu al blog de la biblioteca, a la pestanya\u00a0<strong>CLUB DE LECTURA.<\/strong><\/p>\n<p><a href=\"https:\/\/blocs.xtec.cat\/bibliotecasantjeroni\/\">https:\/\/blocs.xtec.cat\/bibliotecasantjeroni\/<\/a><\/p>\n","protected":false},"excerpt":{"rendered":"<p>Us convidem al nostre Club de Lectura!<br \/>\n<a href=\"http:\/\/blocs.xtec.cat\/bibliotecasantjeroni\/files\/2020\/11\/mafalda.png\"><\/a><br \/>\nEstimada comunitat educativa enguany volem engegar un club de lectura a l&#8217;escola, la idea seria poder-nos trobar dos cops l&#8217;any per a comentar la lectura, com ja sabeu per motius de la covid aquest any comen\u00e7arem a mig&hellip;  <a href=\"https:\/\/agora.xtec.cat\/ceip-santjeroni\/portada\/club-de-lectura-a-la-vista\/\" title=\"Read CLUB DE LECTURA A LA VISTA!!\">Llegeix m\u00e9s\u00bb<\/a><\/p>\n","protected":false},"author":1,"featured_media":0,"comment_status":"open","ping_status":"closed","sticky":false,"template":"","format":"standard","meta":{"_bbp_topic_count":0,"_bbp_reply_count":0,"_bbp_total_topic_count":0,"_bbp_total_reply_count":0,"_bbp_voice_count":0,"_bbp_anonymous_reply_count":0,"_bbp_topic_count_hidden":0,"_bbp_reply_count_hidden":0,"_bbp_forum_subforum_count":0,"footnotes":""},"categories":[4],"tags":[],"class_list":["post-2515","post","type-post","status-publish","format-standard","hentry","category-portada"],"post_mailing_queue_ids":[],"_links":{"self":[{"href":"https:\/\/agora.xtec.cat\/ceip-santjeroni\/wp-json\/wp\/v2\/posts\/2515","targetHints":{"allow":["GET"]}}],"collection":[{"href":"https:\/\/agora.xtec.cat\/ceip-santjeroni\/wp-json\/wp\/v2\/posts"}],"about":[{"href":"https:\/\/agora.xtec.cat\/ceip-santjeroni\/wp-json\/wp\/v2\/types\/post"}],"author":[{"embeddable":true,"href":"https:\/\/agora.xtec.cat\/ceip-santjeroni\/wp-json\/wp\/v2\/users\/1"}],"replies":[{"embeddable":true,"href":"https:\/\/agora.xtec.cat\/ceip-santjeroni\/wp-json\/wp\/v2\/comments?post=2515"}],"version-history":[{"count":3,"href":"https:\/\/agora.xtec.cat\/ceip-santjeroni\/wp-json\/wp\/v2\/posts\/2515\/revisions"}],"predecessor-version":[{"id":2518,"href":"https:\/\/agora.xtec.cat\/ceip-santjeroni\/wp-json\/wp\/v2\/posts\/2515\/revisions\/2518"}],"wp:attachment":[{"href":"https:\/\/agora.xtec.cat\/ceip-santjeroni\/wp-json\/wp\/v2\/media?parent=2515"}],"wp:term":[{"taxonomy":"category","embeddable":true,"href":"https:\/\/agora.xtec.cat\/ceip-santjeroni\/wp-json\/wp\/v2\/categories?post=2515"},{"taxonomy":"post_tag","embeddable":true,"href":"https:\/\/agora.xtec.cat\/ceip-santjeroni\/wp-json\/wp\/v2\/tags?post=2515"}],"curies":[{"name":"wp","href":"https:\/\/api.w.org\/{rel}","templated":true}]}}