{"id":1830,"date":"2020-04-02T12:21:02","date_gmt":"2020-04-02T10:21:02","guid":{"rendered":"http:\/\/agora.xtec.cat\/ceip-santjeroni\/?p=1830"},"modified":"2020-04-03T12:21:52","modified_gmt":"2020-04-03T10:21:52","slug":"celebrem-el-dia-del-llibre-infantil-i-juvenil","status":"publish","type":"post","link":"https:\/\/agora.xtec.cat\/ceip-santjeroni\/portada\/celebrem-el-dia-del-llibre-infantil-i-juvenil\/","title":{"rendered":"Celebrem el dia del Llibre Infantil i Juvenil!"},"content":{"rendered":"<p>Com ja sabeu \u00e9s molt important que existeixin llibres per totes les edats. Per celebrar que avui \u00e9s el dia del Llibre Infantil i Juvenil hem pensat que estaria molt b\u00e9 que ens envi\u00e9ssiu una foto llegint un llibre. Vosaltres sols, en companyia o mentres us l\u2019expliquen.<\/p>\n<p>Qui s\u2019anima?<\/p>\n<p><img loading=\"lazy\" decoding=\"async\" class=\"\" src=\"https:\/\/image.freepik.com\/vector-gratis\/gente-leyendo_52683-2567.jpg\" width=\"437\" height=\"437\" \/><\/p>\n<p>Esperem veure-us!<\/p>\n<p>Envieu les fotografies a\u00a0<a href=\"mailto:bibliotecasantjeroni@gmail.com\">bibliotecasantjeroni@gmail.com<\/a><\/p>\n<p>Data l\u00edmit dissabte 4 d\u2019abril<\/p>\n","protected":false},"excerpt":{"rendered":"<p>Com ja sabeu \u00e9s molt important que existeixin llibres per totes les edats. Per celebrar que avui \u00e9s el dia del Llibre Infantil i Juvenil hem pensat que estaria molt b\u00e9 que ens envi\u00e9ssiu una foto llegint un llibre. Vosaltres sols, en companyia o mentres&hellip;  <a href=\"https:\/\/agora.xtec.cat\/ceip-santjeroni\/portada\/celebrem-el-dia-del-llibre-infantil-i-juvenil\/\" title=\"Read Celebrem el dia del Llibre Infantil i Juvenil!\">Llegeix m\u00e9s\u00bb<\/a><\/p>\n","protected":false},"author":1,"featured_media":0,"comment_status":"open","ping_status":"closed","sticky":false,"template":"","format":"standard","meta":{"_bbp_topic_count":0,"_bbp_reply_count":0,"_bbp_total_topic_count":0,"_bbp_total_reply_count":0,"_bbp_voice_count":0,"_bbp_anonymous_reply_count":0,"_bbp_topic_count_hidden":0,"_bbp_reply_count_hidden":0,"_bbp_forum_subforum_count":0,"footnotes":""},"categories":[4],"tags":[],"class_list":["post-1830","post","type-post","status-publish","format-standard","hentry","category-portada"],"post_mailing_queue_ids":[],"_links":{"self":[{"href":"https:\/\/agora.xtec.cat\/ceip-santjeroni\/wp-json\/wp\/v2\/posts\/1830","targetHints":{"allow":["GET"]}}],"collection":[{"href":"https:\/\/agora.xtec.cat\/ceip-santjeroni\/wp-json\/wp\/v2\/posts"}],"about":[{"href":"https:\/\/agora.xtec.cat\/ceip-santjeroni\/wp-json\/wp\/v2\/types\/post"}],"author":[{"embeddable":true,"href":"https:\/\/agora.xtec.cat\/ceip-santjeroni\/wp-json\/wp\/v2\/users\/1"}],"replies":[{"embeddable":true,"href":"https:\/\/agora.xtec.cat\/ceip-santjeroni\/wp-json\/wp\/v2\/comments?post=1830"}],"version-history":[{"count":1,"href":"https:\/\/agora.xtec.cat\/ceip-santjeroni\/wp-json\/wp\/v2\/posts\/1830\/revisions"}],"predecessor-version":[{"id":1832,"href":"https:\/\/agora.xtec.cat\/ceip-santjeroni\/wp-json\/wp\/v2\/posts\/1830\/revisions\/1832"}],"wp:attachment":[{"href":"https:\/\/agora.xtec.cat\/ceip-santjeroni\/wp-json\/wp\/v2\/media?parent=1830"}],"wp:term":[{"taxonomy":"category","embeddable":true,"href":"https:\/\/agora.xtec.cat\/ceip-santjeroni\/wp-json\/wp\/v2\/categories?post=1830"},{"taxonomy":"post_tag","embeddable":true,"href":"https:\/\/agora.xtec.cat\/ceip-santjeroni\/wp-json\/wp\/v2\/tags?post=1830"}],"curies":[{"name":"wp","href":"https:\/\/api.w.org\/{rel}","templated":true}]}}