{"id":6382,"date":"2026-04-09T13:06:27","date_gmt":"2026-04-09T11:06:27","guid":{"rendered":"https:\/\/agora.xtec.cat\/ceip-santiscle-vidreres\/?p=6382"},"modified":"2026-04-09T13:19:14","modified_gmt":"2026-04-09T11:19:14","slug":"projecte-audicions-musicals","status":"publish","type":"post","link":"https:\/\/agora.xtec.cat\/ceip-santiscle-vidreres\/general\/projecte-audicions-musicals\/","title":{"rendered":"Projecte Audicions Musicals"},"content":{"rendered":"<p>Les audicions musicals tornen a l&#8217;escola dins del projecte &#8220;<strong>Audicions musicals en viu a les escoles<\/strong>&#8220;, un projecte que enguany fa 10 anys que es porta a terme. L&#8217;Escola de Municipal de M\u00fasica de Vidreres ofereix professors de diferents especialitats per tal que els alumnes escoltin i puguin provar de primera m\u00e0 els diferents instruments musicals. Aquest projecte es duu a terme gr\u00e0cies el suport de l&#8217;AFA i l&#8217;Ajuntament de Vidreres. Us deixem un recull de fotografies de cada sessi\u00f3. Cliqueu a les imatges per veure totes les sessions a cada curs.<\/p>\n<p><a href=\"https:\/\/drive.google.com\/drive\/folders\/18tc6KAnm1gYeWdT4289-wj6MY70fzsfW?usp=drive_link\"><img loading=\"lazy\" decoding=\"async\" class=\"alignnone wp-image-6403\" src=\"https:\/\/agora.xtec.cat\/ceip-santiscle-vidreres\/wp-content\/uploads\/usu805\/2026\/04\/IMG_8188aa-rotated.jpg\" alt=\"\" width=\"177\" height=\"236\" srcset=\"https:\/\/agora.xtec.cat\/ceip-santiscle-vidreres\/wp-content\/uploads\/usu805\/2026\/04\/IMG_8188aa-rotated.jpg 750w, https:\/\/agora.xtec.cat\/ceip-santiscle-vidreres\/wp-content\/uploads\/usu805\/2026\/04\/IMG_8188aa-225x300.jpg 225w\" sizes=\"auto, (max-width: 177px) 100vw, 177px\" \/><\/a><a href=\"https:\/\/drive.google.com\/drive\/folders\/18tc6KAnm1gYeWdT4289-wj6MY70fzsfW?usp=sharing\"><img loading=\"lazy\" decoding=\"async\" class=\"wp-image-6384 alignleft\" src=\"https:\/\/agora.xtec.cat\/ceip-santiscle-vidreres\/wp-content\/uploads\/usu805\/2026\/04\/IMG_1757_nova_1-1024x768.jpg\" alt=\"\" width=\"315\" height=\"236\" srcset=\"https:\/\/agora.xtec.cat\/ceip-santiscle-vidreres\/wp-content\/uploads\/usu805\/2026\/04\/IMG_1757_nova_1-1024x768.jpg 1024w, https:\/\/agora.xtec.cat\/ceip-santiscle-vidreres\/wp-content\/uploads\/usu805\/2026\/04\/IMG_1757_nova_1-300x225.jpg 300w, https:\/\/agora.xtec.cat\/ceip-santiscle-vidreres\/wp-content\/uploads\/usu805\/2026\/04\/IMG_1757_nova_1-768x576.jpg 768w, https:\/\/agora.xtec.cat\/ceip-santiscle-vidreres\/wp-content\/uploads\/usu805\/2026\/04\/IMG_1757_nova_1-200x150.jpg 200w, https:\/\/agora.xtec.cat\/ceip-santiscle-vidreres\/wp-content\/uploads\/usu805\/2026\/04\/IMG_1757_nova_1.jpg 1333w\" sizes=\"auto, (max-width: 315px) 100vw, 315px\" \/>\u00a0 \u00a0 <\/a><a href=\"https:\/\/drive.google.com\/drive\/folders\/18tc6KAnm1gYeWdT4289-wj6MY70fzsfW?usp=sharing\"><img loading=\"lazy\" decoding=\"async\" class=\"alignnone wp-image-6387\" src=\"https:\/\/agora.xtec.cat\/ceip-santiscle-vidreres\/wp-content\/uploads\/usu805\/2026\/04\/IMG_7798-1vv-1024x768.jpg\" alt=\"\" width=\"254\" height=\"190\" srcset=\"https:\/\/agora.xtec.cat\/ceip-santiscle-vidreres\/wp-content\/uploads\/usu805\/2026\/04\/IMG_7798-1vv-1024x768.jpg 1024w, https:\/\/agora.xtec.cat\/ceip-santiscle-vidreres\/wp-content\/uploads\/usu805\/2026\/04\/IMG_7798-1vv-300x225.jpg 300w, https:\/\/agora.xtec.cat\/ceip-santiscle-vidreres\/wp-content\/uploads\/usu805\/2026\/04\/IMG_7798-1vv-768x576.jpg 768w, https:\/\/agora.xtec.cat\/ceip-santiscle-vidreres\/wp-content\/uploads\/usu805\/2026\/04\/IMG_7798-1vv-200x150.jpg 200w, https:\/\/agora.xtec.cat\/ceip-santiscle-vidreres\/wp-content\/uploads\/usu805\/2026\/04\/IMG_7798-1vv.jpg 1333w\" sizes=\"auto, (max-width: 254px) 100vw, 254px\" \/> \u00a0 <\/a><a href=\"https:\/\/drive.google.com\/drive\/folders\/18tc6KAnm1gYeWdT4289-wj6MY70fzsfW?usp=sharing\"><img loading=\"lazy\" decoding=\"async\" class=\"alignnone wp-image-6392\" src=\"https:\/\/agora.xtec.cat\/ceip-santiscle-vidreres\/wp-content\/uploads\/usu805\/2026\/04\/IMG_7661mm.jpg\" alt=\"\" width=\"181\" height=\"242\" srcset=\"https:\/\/agora.xtec.cat\/ceip-santiscle-vidreres\/wp-content\/uploads\/usu805\/2026\/04\/IMG_7661mm.jpg 750w, https:\/\/agora.xtec.cat\/ceip-santiscle-vidreres\/wp-content\/uploads\/usu805\/2026\/04\/IMG_7661mm-225x300.jpg 225w\" sizes=\"auto, (max-width: 181px) 100vw, 181px\" \/><\/a><\/p>\n","protected":false},"excerpt":{"rendered":"<p>Les audicions musicals tornen a l&#8217;escola dins del projecte &#8220;Audicions musicals en viu a les escoles&#8220;, un projecte que enguany fa 10 anys que es porta a terme. L&#8217;Escola de Municipal de M\u00fasica de Vidreres ofereix professors de diferents especialitats per tal que els alumnes&hellip;  <a href=\"https:\/\/agora.xtec.cat\/ceip-santiscle-vidreres\/general\/projecte-audicions-musicals\/\" title=\"Read Projecte Audicions Musicals\">Llegeix m\u00e9s\u00bb<\/a><\/p>\n","protected":false},"author":32,"featured_media":6387,"comment_status":"open","ping_status":"open","sticky":false,"template":"","format":"standard","meta":{"_bbp_topic_count":0,"_bbp_reply_count":0,"_bbp_total_topic_count":0,"_bbp_total_reply_count":0,"_bbp_voice_count":0,"_bbp_anonymous_reply_count":0,"_bbp_topic_count_hidden":0,"_bbp_reply_count_hidden":0,"_bbp_forum_subforum_count":0,"footnotes":""},"categories":[1],"tags":[118,111],"class_list":["post-6382","post","type-post","status-publish","format-standard","has-post-thumbnail","hentry","category-general","tag-audicions","tag-musica"],"post_mailing_queue_ids":[],"_links":{"self":[{"href":"https:\/\/agora.xtec.cat\/ceip-santiscle-vidreres\/wp-json\/wp\/v2\/posts\/6382","targetHints":{"allow":["GET"]}}],"collection":[{"href":"https:\/\/agora.xtec.cat\/ceip-santiscle-vidreres\/wp-json\/wp\/v2\/posts"}],"about":[{"href":"https:\/\/agora.xtec.cat\/ceip-santiscle-vidreres\/wp-json\/wp\/v2\/types\/post"}],"author":[{"embeddable":true,"href":"https:\/\/agora.xtec.cat\/ceip-santiscle-vidreres\/wp-json\/wp\/v2\/users\/32"}],"replies":[{"embeddable":true,"href":"https:\/\/agora.xtec.cat\/ceip-santiscle-vidreres\/wp-json\/wp\/v2\/comments?post=6382"}],"version-history":[{"count":6,"href":"https:\/\/agora.xtec.cat\/ceip-santiscle-vidreres\/wp-json\/wp\/v2\/posts\/6382\/revisions"}],"predecessor-version":[{"id":6406,"href":"https:\/\/agora.xtec.cat\/ceip-santiscle-vidreres\/wp-json\/wp\/v2\/posts\/6382\/revisions\/6406"}],"wp:featuredmedia":[{"embeddable":true,"href":"https:\/\/agora.xtec.cat\/ceip-santiscle-vidreres\/wp-json\/wp\/v2\/media\/6387"}],"wp:attachment":[{"href":"https:\/\/agora.xtec.cat\/ceip-santiscle-vidreres\/wp-json\/wp\/v2\/media?parent=6382"}],"wp:term":[{"taxonomy":"category","embeddable":true,"href":"https:\/\/agora.xtec.cat\/ceip-santiscle-vidreres\/wp-json\/wp\/v2\/categories?post=6382"},{"taxonomy":"post_tag","embeddable":true,"href":"https:\/\/agora.xtec.cat\/ceip-santiscle-vidreres\/wp-json\/wp\/v2\/tags?post=6382"}],"curies":[{"name":"wp","href":"https:\/\/api.w.org\/{rel}","templated":true}]}}